{"id":78352,"date":"2021-12-13T15:47:14","date_gmt":"2021-12-13T18:47:14","guid":{"rendered":"https:\/\/blogdoedvaldomagalhaes.com.br\/?p=78352"},"modified":"2021-12-13T15:47:15","modified_gmt":"2021-12-13T18:47:15","slug":"compesa-diminui-rodizio-em-caruaru-em-novo-calendario-de-abastecimento","status":"publish","type":"post","link":"https:\/\/blogdoedvaldomagalhaes.com.br\/index.php\/2021\/12\/13\/compesa-diminui-rodizio-em-caruaru-em-novo-calendario-de-abastecimento\/","title":{"rendered":"Compesa diminui rod\u00edzio em Caruaru em novo calend\u00e1rio de abastecimento"},"content":{"rendered":"<p style=\"text-align: justify;\"><span style=\"font-size: inherit;\">Entrou em vigor, na \u00faltima sexta-feira (10), em Caruaru, o novo calend\u00e1rio de abastecimento de \u00e1gua com diminui\u00e7\u00e3o de rod\u00edzio, ap\u00f3s trabalho intenso da equipe t\u00e9cnica da Compesa que resultou na completa estabiliza\u00e7\u00e3o do Sistema Jucazinho, que enfrentou problemas el\u00e9tricos no \u00faltimo m\u00eas. De acordo com a Compesa, a partir de agora, o cronograma ser\u00e1 de 6 dias com \u00e1gua X 6 dias sem.<\/span><\/p>\n<p style=\"text-align: justify;\">Segundo o gerente de Unidade de Neg\u00f3cios da Compesa, Denis Mendes, a equipe da Compesa trabalhou incansavelmente para retomar a plena opera\u00e7\u00e3o de Jucazinho e diminuir o rod\u00edzio na cidade de Caruaru.<\/p>\n<p style=\"text-align: justify;\">Foto: Reprodu\u00e7\u00e3o.<\/p>\n","protected":false},"excerpt":{"rendered":"<p>Entrou em vigor, na \u00faltima sexta-feira (10), em Caruaru, o novo calend\u00e1rio de abastecimento de \u00e1gua com diminui\u00e7\u00e3o de rod\u00edzio,&hellip;<\/p>\n","protected":false},"author":1,"featured_media":11973,"comment_status":"open","ping_status":"open","sticky":false,"template":"","format":"standard","meta":{"footnotes":""},"categories":[14120],"tags":[2,19532,3406,23593],"class_list":["post-78352","post","type-post","status-publish","format-standard","has-post-thumbnail","hentry","category-noticias","tag-blog-do-edvaldo-magalhaes","tag-blog-mais-acessado-e-visualizado-de-caruaru-e-regiao","tag-caruaru","tag-compesa-diminui-rodizio-em-caruaru-em-novo-calendario-de-abastecimento"],"_links":{"self":[{"href":"https:\/\/blogdoedvaldomagalhaes.com.br\/index.php\/wp-json\/wp\/v2\/posts\/78352","targetHints":{"allow":["GET"]}}],"collection":[{"href":"https:\/\/blogdoedvaldomagalhaes.com.br\/index.php\/wp-json\/wp\/v2\/posts"}],"about":[{"href":"https:\/\/blogdoedvaldomagalhaes.com.br\/index.php\/wp-json\/wp\/v2\/types\/post"}],"author":[{"embeddable":true,"href":"https:\/\/blogdoedvaldomagalhaes.com.br\/index.php\/wp-json\/wp\/v2\/users\/1"}],"replies":[{"embeddable":true,"href":"https:\/\/blogdoedvaldomagalhaes.com.br\/index.php\/wp-json\/wp\/v2\/comments?post=78352"}],"version-history":[{"count":1,"href":"https:\/\/blogdoedvaldomagalhaes.com.br\/index.php\/wp-json\/wp\/v2\/posts\/78352\/revisions"}],"predecessor-version":[{"id":78353,"href":"https:\/\/blogdoedvaldomagalhaes.com.br\/index.php\/wp-json\/wp\/v2\/posts\/78352\/revisions\/78353"}],"wp:featuredmedia":[{"embeddable":true,"href":"https:\/\/blogdoedvaldomagalhaes.com.br\/index.php\/wp-json\/wp\/v2\/media\/11973"}],"wp:attachment":[{"href":"https:\/\/blogdoedvaldomagalhaes.com.br\/index.php\/wp-json\/wp\/v2\/media?parent=78352"}],"wp:term":[{"taxonomy":"category","embeddable":true,"href":"https:\/\/blogdoedvaldomagalhaes.com.br\/index.php\/wp-json\/wp\/v2\/categories?post=78352"},{"taxonomy":"post_tag","embeddable":true,"href":"https:\/\/blogdoedvaldomagalhaes.com.br\/index.php\/wp-json\/wp\/v2\/tags?post=78352"}],"curies":[{"name":"wp","href":"https:\/\/api.w.org\/{rel}","templated":true}]}}