{"id":78349,"date":"2021-12-13T14:27:36","date_gmt":"2021-12-13T17:27:36","guid":{"rendered":"https:\/\/blogdoedvaldomagalhaes.com.br\/?p=78349"},"modified":"2021-12-13T14:27:37","modified_gmt":"2021-12-13T17:27:37","slug":"raquel-lyra-envia-projeto-de-lei-para-a-camara-que-repassa-verba-do-fundeb-para-profissionais-da-educacao","status":"publish","type":"post","link":"https:\/\/blogdoedvaldomagalhaes.com.br\/index.php\/2021\/12\/13\/raquel-lyra-envia-projeto-de-lei-para-a-camara-que-repassa-verba-do-fundeb-para-profissionais-da-educacao\/","title":{"rendered":"Raquel Lyra envia Projeto de Lei para a C\u00e2mara que repassa verba do FUNDEB para profissionais da educa\u00e7\u00e3o"},"content":{"rendered":"<p style=\"text-align: justify;\">A prefeita de Caruaru, Raquel Lyra, enviou nesta segunda-feira (13) para a C\u00e2mara de Vereadores um Projeto de Lei que traz a proposta de pagamento de incentivo financeiro aos profissionais de Educa\u00e7\u00e3o B\u00e1sica em exerc\u00edcio, que fazem parte da rede municipal de ensino. Os recursos para o pagamento v\u00eam do Fundo de Manuten\u00e7\u00e3o e Desenvolvimento da Educa\u00e7\u00e3o B\u00e1sica e de Valoriza\u00e7\u00e3o dos Profissionais da Educa\u00e7\u00e3o (FUNDEB). Caso aprovado pela C\u00e2mara, o pagamento dever\u00e1 ser realizado ainda no m\u00eas de dezembro.<\/p>\n<p style=\"text-align: justify;\">O programa, batizado de Incentivo \u00e0 Educa\u00e7\u00e3o, contempla docentes e outros trabalhadores em educa\u00e7\u00e3o que estejam inclu\u00eddos no que estabelece a Lei de Diretrizes e Bases da Educa\u00e7\u00e3o Nacional. A proposta \u00e9 que o valor seja rateado para mais de 2 mil profissionais da educa\u00e7\u00e3o.<\/p>\n<p style=\"text-align: justify;\">Tamb\u00e9m foi enviado para a C\u00e2mara dos Vereadores, nesta segunda-feira, o Projeto de Lei que prev\u00ea o aumento do valor da hora\/aula dos professores contratados da rede municipal de ensino. O reajuste tamb\u00e9m contempla o pagamento retroativo, a partir de janeiro de 2021.<\/p>\n","protected":false},"excerpt":{"rendered":"<p>A prefeita de Caruaru, Raquel Lyra, enviou nesta segunda-feira (13) para a C\u00e2mara de Vereadores um Projeto de Lei que&hellip;<\/p>\n","protected":false},"author":1,"featured_media":78350,"comment_status":"open","ping_status":"open","sticky":false,"template":"","format":"standard","meta":{"footnotes":""},"categories":[14122],"tags":[2,19532,3406,23592],"class_list":["post-78349","post","type-post","status-publish","format-standard","has-post-thumbnail","hentry","category-politica","tag-blog-do-edvaldo-magalhaes","tag-blog-mais-acessado-e-visualizado-de-caruaru-e-regiao","tag-caruaru","tag-raquel-lyra-envia-projeto-de-lei-para-a-camara-que-repassa-verba-do-fundeb-para-profissionais-da-educacao"],"_links":{"self":[{"href":"https:\/\/blogdoedvaldomagalhaes.com.br\/index.php\/wp-json\/wp\/v2\/posts\/78349","targetHints":{"allow":["GET"]}}],"collection":[{"href":"https:\/\/blogdoedvaldomagalhaes.com.br\/index.php\/wp-json\/wp\/v2\/posts"}],"about":[{"href":"https:\/\/blogdoedvaldomagalhaes.com.br\/index.php\/wp-json\/wp\/v2\/types\/post"}],"author":[{"embeddable":true,"href":"https:\/\/blogdoedvaldomagalhaes.com.br\/index.php\/wp-json\/wp\/v2\/users\/1"}],"replies":[{"embeddable":true,"href":"https:\/\/blogdoedvaldomagalhaes.com.br\/index.php\/wp-json\/wp\/v2\/comments?post=78349"}],"version-history":[{"count":1,"href":"https:\/\/blogdoedvaldomagalhaes.com.br\/index.php\/wp-json\/wp\/v2\/posts\/78349\/revisions"}],"predecessor-version":[{"id":78351,"href":"https:\/\/blogdoedvaldomagalhaes.com.br\/index.php\/wp-json\/wp\/v2\/posts\/78349\/revisions\/78351"}],"wp:featuredmedia":[{"embeddable":true,"href":"https:\/\/blogdoedvaldomagalhaes.com.br\/index.php\/wp-json\/wp\/v2\/media\/78350"}],"wp:attachment":[{"href":"https:\/\/blogdoedvaldomagalhaes.com.br\/index.php\/wp-json\/wp\/v2\/media?parent=78349"}],"wp:term":[{"taxonomy":"category","embeddable":true,"href":"https:\/\/blogdoedvaldomagalhaes.com.br\/index.php\/wp-json\/wp\/v2\/categories?post=78349"},{"taxonomy":"post_tag","embeddable":true,"href":"https:\/\/blogdoedvaldomagalhaes.com.br\/index.php\/wp-json\/wp\/v2\/tags?post=78349"}],"curies":[{"name":"wp","href":"https:\/\/api.w.org\/{rel}","templated":true}]}}