{"id":78346,"date":"2021-12-13T12:46:30","date_gmt":"2021-12-13T15:46:30","guid":{"rendered":"https:\/\/blogdoedvaldomagalhaes.com.br\/?p=78346"},"modified":"2021-12-13T12:46:31","modified_gmt":"2021-12-13T15:46:31","slug":"comissao-de-educacao-do-legislativo-comemora-reajuste-de-pagamento-a-professores","status":"publish","type":"post","link":"https:\/\/blogdoedvaldomagalhaes.com.br\/index.php\/2021\/12\/13\/comissao-de-educacao-do-legislativo-comemora-reajuste-de-pagamento-a-professores\/","title":{"rendered":"Comiss\u00e3o de Educa\u00e7\u00e3o do Legislativo comemora reajuste de pagamento a professores"},"content":{"rendered":"<p style=\"text-align: justify;\">Na manh\u00e3 desta segunda-feira (13), ocorreu uma reuni\u00e3o entre Executivo e Comiss\u00e3o de Educa\u00e7\u00e3o Cultura e Esportes, formada pelo presidente Jorge Quintino e os vereadores Ricardo Liberato e Nelson Diniz, como membros. Em pauta, o reajuste salarial dos professores.<\/p>\n<p style=\"text-align: justify;\">Ficou acertado que o Executivo ir\u00e1 encaminhar o Projeto de Lei para a C\u00e2mara de Vereadores que prev\u00ea o aumento do valor da hora\/aula dos professores contratados da rede municipal de ensino.<\/p>\n<p style=\"text-align: justify;\">Outra novidade \u00e9 outro Projeto de Lei que traz a proposta de pagamento de incentivo financeiro aos profissionais de Educa\u00e7\u00e3o B\u00e1sica em exerc\u00edcio. Os recursos para o pagamento v\u00eam do Fundo de Manuten\u00e7\u00e3o e Desenvolvimento da Educa\u00e7\u00e3o B\u00e1sica e de Valoriza\u00e7\u00e3o dos Profissionais da Educa\u00e7\u00e3o (FUNDEB).<\/p>\n<p style=\"text-align: justify;\">Para o vereador Jorge Quintino, o caminho para resolu\u00e7\u00e3o dos problemas \u00e9 e sempre ser\u00e1 o di\u00e1logo. \u201cN\u00e3o adianta fazer barulho e se distanciar do prop\u00f3sito. J\u00e1 que temos um bom relacionamento com o Executivo, continuamos apostando no processo dial\u00f3gico, visando \u00e0s transforma\u00e7\u00f5es sociais\u201d, disse o edil.<\/p>\n","protected":false},"excerpt":{"rendered":"<p>Na manh\u00e3 desta segunda-feira (13), ocorreu uma reuni\u00e3o entre Executivo e Comiss\u00e3o de Educa\u00e7\u00e3o Cultura e Esportes, formada pelo presidente&hellip;<\/p>\n","protected":false},"author":1,"featured_media":78347,"comment_status":"open","ping_status":"open","sticky":false,"template":"","format":"standard","meta":{"footnotes":""},"categories":[14122],"tags":[2,19532,3406,23591],"class_list":["post-78346","post","type-post","status-publish","format-standard","has-post-thumbnail","hentry","category-politica","tag-blog-do-edvaldo-magalhaes","tag-blog-mais-acessado-e-visualizado-de-caruaru-e-regiao","tag-caruaru","tag-comissao-de-educacao-do-legislativo-comemora-reajuste-de-pagamento-a-professores"],"_links":{"self":[{"href":"https:\/\/blogdoedvaldomagalhaes.com.br\/index.php\/wp-json\/wp\/v2\/posts\/78346","targetHints":{"allow":["GET"]}}],"collection":[{"href":"https:\/\/blogdoedvaldomagalhaes.com.br\/index.php\/wp-json\/wp\/v2\/posts"}],"about":[{"href":"https:\/\/blogdoedvaldomagalhaes.com.br\/index.php\/wp-json\/wp\/v2\/types\/post"}],"author":[{"embeddable":true,"href":"https:\/\/blogdoedvaldomagalhaes.com.br\/index.php\/wp-json\/wp\/v2\/users\/1"}],"replies":[{"embeddable":true,"href":"https:\/\/blogdoedvaldomagalhaes.com.br\/index.php\/wp-json\/wp\/v2\/comments?post=78346"}],"version-history":[{"count":1,"href":"https:\/\/blogdoedvaldomagalhaes.com.br\/index.php\/wp-json\/wp\/v2\/posts\/78346\/revisions"}],"predecessor-version":[{"id":78348,"href":"https:\/\/blogdoedvaldomagalhaes.com.br\/index.php\/wp-json\/wp\/v2\/posts\/78346\/revisions\/78348"}],"wp:featuredmedia":[{"embeddable":true,"href":"https:\/\/blogdoedvaldomagalhaes.com.br\/index.php\/wp-json\/wp\/v2\/media\/78347"}],"wp:attachment":[{"href":"https:\/\/blogdoedvaldomagalhaes.com.br\/index.php\/wp-json\/wp\/v2\/media?parent=78346"}],"wp:term":[{"taxonomy":"category","embeddable":true,"href":"https:\/\/blogdoedvaldomagalhaes.com.br\/index.php\/wp-json\/wp\/v2\/categories?post=78346"},{"taxonomy":"post_tag","embeddable":true,"href":"https:\/\/blogdoedvaldomagalhaes.com.br\/index.php\/wp-json\/wp\/v2\/tags?post=78346"}],"curies":[{"name":"wp","href":"https:\/\/api.w.org\/{rel}","templated":true}]}}