{"id":78265,"date":"2021-12-09T08:34:25","date_gmt":"2021-12-09T11:34:25","guid":{"rendered":"https:\/\/blogdoedvaldomagalhaes.com.br\/?p=78265"},"modified":"2021-12-09T08:34:27","modified_gmt":"2021-12-09T11:34:27","slug":"policia-civil-realiza-tres-operacoes-em-caruaru-e-outras-cidades-nesta-quinta-feira-9","status":"publish","type":"post","link":"https:\/\/blogdoedvaldomagalhaes.com.br\/index.php\/2021\/12\/09\/policia-civil-realiza-tres-operacoes-em-caruaru-e-outras-cidades-nesta-quinta-feira-9\/","title":{"rendered":"Pol\u00edcia Civil realiza tr\u00eas opera\u00e7\u00f5es em Caruaru e outras cidades nesta quinta-feira (9)"},"content":{"rendered":"<p style=\"text-align: justify;\">A Pol\u00edcia Civil de Pernambuco desencadeou tr\u00eas opera\u00e7\u00f5es na manh\u00e3 desta quinta-feira (09). As a\u00e7\u00f5es foram denominas de \u201cColcha de Retalho\u201d, \u201cRes\u00edduo\u201d e \u201cPonto de Corte.<\/p>\n<p style=\"text-align: justify;\">Na opera\u00e7\u00e3o \u201cRes\u00edduo\u201d est\u00e3o sendo cumpridos mandados em Recife, Caruaru, Sanhar\u00f3, Garanhuns e Brej\u00e3o. Os presos e materiais apreendidos est\u00e3o sendo encaminhados para a Delegacia de Belo Jardim e GOE.<\/p>\n<p style=\"text-align: justify;\">Na opera\u00e7\u00e3o \u201cColcha de Retalho\u201d, mandados de busca e apreens\u00e3o est\u00e3o sendo cumpridos em Jaboat\u00e3o dos Guararapes e Altinho. Materiais apreendidos est\u00e3o sendo levados para as Delegacias das duas cidades.<\/p>\n<p style=\"text-align: justify;\">Na opera\u00e7\u00e3o \u201cPonto de Corte\u201d est\u00e3o sendo cumpridos mandados de pris\u00e3o e de busca e apreens\u00e3o em Olinda, Paulista, Camaragibe, S\u00e3o Louren\u00e7o da Mata e Recife. Presos e material apreendido sendo levados para a DEPATRI.<\/p>\n","protected":false},"excerpt":{"rendered":"<p>A Pol\u00edcia Civil de Pernambuco desencadeou tr\u00eas opera\u00e7\u00f5es na manh\u00e3 desta quinta-feira (09). As a\u00e7\u00f5es foram denominas de \u201cColcha de&hellip;<\/p>\n","protected":false},"author":1,"featured_media":78266,"comment_status":"open","ping_status":"open","sticky":false,"template":"","format":"standard","meta":{"footnotes":""},"categories":[14121],"tags":[2,19532,3406,23570],"class_list":["post-78265","post","type-post","status-publish","format-standard","has-post-thumbnail","hentry","category-policial","tag-blog-do-edvaldo-magalhaes","tag-blog-mais-acessado-e-visualizado-de-caruaru-e-regiao","tag-caruaru","tag-policia-civil-realiza-tres-operacoes-em-caruaru-e-outras-cidades-nesta-quinta-feira-9"],"_links":{"self":[{"href":"https:\/\/blogdoedvaldomagalhaes.com.br\/index.php\/wp-json\/wp\/v2\/posts\/78265","targetHints":{"allow":["GET"]}}],"collection":[{"href":"https:\/\/blogdoedvaldomagalhaes.com.br\/index.php\/wp-json\/wp\/v2\/posts"}],"about":[{"href":"https:\/\/blogdoedvaldomagalhaes.com.br\/index.php\/wp-json\/wp\/v2\/types\/post"}],"author":[{"embeddable":true,"href":"https:\/\/blogdoedvaldomagalhaes.com.br\/index.php\/wp-json\/wp\/v2\/users\/1"}],"replies":[{"embeddable":true,"href":"https:\/\/blogdoedvaldomagalhaes.com.br\/index.php\/wp-json\/wp\/v2\/comments?post=78265"}],"version-history":[{"count":1,"href":"https:\/\/blogdoedvaldomagalhaes.com.br\/index.php\/wp-json\/wp\/v2\/posts\/78265\/revisions"}],"predecessor-version":[{"id":78267,"href":"https:\/\/blogdoedvaldomagalhaes.com.br\/index.php\/wp-json\/wp\/v2\/posts\/78265\/revisions\/78267"}],"wp:featuredmedia":[{"embeddable":true,"href":"https:\/\/blogdoedvaldomagalhaes.com.br\/index.php\/wp-json\/wp\/v2\/media\/78266"}],"wp:attachment":[{"href":"https:\/\/blogdoedvaldomagalhaes.com.br\/index.php\/wp-json\/wp\/v2\/media?parent=78265"}],"wp:term":[{"taxonomy":"category","embeddable":true,"href":"https:\/\/blogdoedvaldomagalhaes.com.br\/index.php\/wp-json\/wp\/v2\/categories?post=78265"},{"taxonomy":"post_tag","embeddable":true,"href":"https:\/\/blogdoedvaldomagalhaes.com.br\/index.php\/wp-json\/wp\/v2\/tags?post=78265"}],"curies":[{"name":"wp","href":"https:\/\/api.w.org\/{rel}","templated":true}]}}