{"id":78260,"date":"2021-12-08T22:46:44","date_gmt":"2021-12-09T01:46:44","guid":{"rendered":"https:\/\/blogdoedvaldomagalhaes.com.br\/?p=78260"},"modified":"2021-12-08T22:51:18","modified_gmt":"2021-12-09T01:51:18","slug":"vereador-mano-do-som-pede-a-requalificacao-da-pe-145-atraves-de-indicacao-na-camara","status":"publish","type":"post","link":"https:\/\/blogdoedvaldomagalhaes.com.br\/index.php\/2021\/12\/08\/vereador-mano-do-som-pede-a-requalificacao-da-pe-145-atraves-de-indicacao-na-camara\/","title":{"rendered":"Vereador Mano do som pede a requalifica\u00e7\u00e3o da PE-145, atrav\u00e9s de indica\u00e7\u00e3o na C\u00e2mara"},"content":{"rendered":"<p style=\"text-align: justify;\">Depois de ouvido o Plen\u00e1rio e cumpridas as formalidades regimentais, o vereador Mano do Som fez uma indica\u00e7\u00e3o a mesa diretora da c\u00e2mara de vereadores de Caruaru e tamb\u00e9m ao Governador de Pernambuco, Paulo C\u00e2mara, extensivo ao DER, para que se proceda a manuten\u00e7\u00e3o asf\u00e1ltica\/tapa buraco, na PE-145 e, essa solicita\u00e7\u00e3o j\u00e1 obteve resposta por parte do governo estadual.<\/p>\n<p style=\"text-align: justify;\">A atual situa\u00e7\u00e3o da PE-145 no munic\u00edpio&nbsp; dificulta o tr\u00e1fego dos carros, prejudicando motoristas e expondo eles a uma situa\u00e7\u00e3o muito desagrad\u00e1vel. A PE-145 \u00e9 bastante utilizada, pelos pernambucanos que se deslocam at\u00e9 a cidade de Caruaru e cidades circunvizinhas.<br \/>\nPor\u00e9m, a solicita\u00e7\u00e3o dessa demanda solicitada pelo vereador, foi feita com maior sensibilidade atrav\u00e9s do apelo feito pelos moradores caruaruenses, que residem em RIACHO DOCE, CACHOEIRA SECA, at\u00e9 mesmo os moradores de CARAPOT\u00d3S E SALGADINHO, que utilizam diariamente essa estrada.<br \/>\nNeste sentido, a presta\u00e7\u00e3o do servi\u00e7o p\u00fablico indicado na propositura, foi feito com a brevidade necess\u00e1ria e logo menos os servi\u00e7os ser\u00e3o feitos resultando na melhoria da nossa cidade<\/p>\n","protected":false},"excerpt":{"rendered":"<p>Depois de ouvido o Plen\u00e1rio e cumpridas as formalidades regimentais, o vereador Mano do Som fez uma indica\u00e7\u00e3o a mesa&hellip;<\/p>\n","protected":false},"author":1,"featured_media":78263,"comment_status":"open","ping_status":"open","sticky":false,"template":"","format":"standard","meta":{"footnotes":""},"categories":[14122],"tags":[23569,2,3406,23568],"class_list":["post-78260","post","type-post","status-publish","format-standard","has-post-thumbnail","hentry","category-politica","tag-bkog-mais-acessado-e-visualizado-de-caruaru","tag-blog-do-edvaldo-magalhaes","tag-caruaru","tag-vereador-mano-do-som-pede-a-requalificacao-da-pe-145-atraves-de-indicacao-na-camara"],"_links":{"self":[{"href":"https:\/\/blogdoedvaldomagalhaes.com.br\/index.php\/wp-json\/wp\/v2\/posts\/78260","targetHints":{"allow":["GET"]}}],"collection":[{"href":"https:\/\/blogdoedvaldomagalhaes.com.br\/index.php\/wp-json\/wp\/v2\/posts"}],"about":[{"href":"https:\/\/blogdoedvaldomagalhaes.com.br\/index.php\/wp-json\/wp\/v2\/types\/post"}],"author":[{"embeddable":true,"href":"https:\/\/blogdoedvaldomagalhaes.com.br\/index.php\/wp-json\/wp\/v2\/users\/1"}],"replies":[{"embeddable":true,"href":"https:\/\/blogdoedvaldomagalhaes.com.br\/index.php\/wp-json\/wp\/v2\/comments?post=78260"}],"version-history":[{"count":2,"href":"https:\/\/blogdoedvaldomagalhaes.com.br\/index.php\/wp-json\/wp\/v2\/posts\/78260\/revisions"}],"predecessor-version":[{"id":78264,"href":"https:\/\/blogdoedvaldomagalhaes.com.br\/index.php\/wp-json\/wp\/v2\/posts\/78260\/revisions\/78264"}],"wp:featuredmedia":[{"embeddable":true,"href":"https:\/\/blogdoedvaldomagalhaes.com.br\/index.php\/wp-json\/wp\/v2\/media\/78263"}],"wp:attachment":[{"href":"https:\/\/blogdoedvaldomagalhaes.com.br\/index.php\/wp-json\/wp\/v2\/media?parent=78260"}],"wp:term":[{"taxonomy":"category","embeddable":true,"href":"https:\/\/blogdoedvaldomagalhaes.com.br\/index.php\/wp-json\/wp\/v2\/categories?post=78260"},{"taxonomy":"post_tag","embeddable":true,"href":"https:\/\/blogdoedvaldomagalhaes.com.br\/index.php\/wp-json\/wp\/v2\/tags?post=78260"}],"curies":[{"name":"wp","href":"https:\/\/api.w.org\/{rel}","templated":true}]}}