{"id":78257,"date":"2021-12-08T21:52:43","date_gmt":"2021-12-09T00:52:43","guid":{"rendered":"https:\/\/blogdoedvaldomagalhaes.com.br\/?p=78257"},"modified":"2021-12-08T21:52:44","modified_gmt":"2021-12-09T00:52:44","slug":"secretaria-de-saude-de-caruaru-segue-realizando-vacinacao-antirrabica-na-zona-rural","status":"publish","type":"post","link":"https:\/\/blogdoedvaldomagalhaes.com.br\/index.php\/2021\/12\/08\/secretaria-de-saude-de-caruaru-segue-realizando-vacinacao-antirrabica-na-zona-rural\/","title":{"rendered":"Secretaria de Sa\u00fade de Caruaru segue realizando vacina\u00e7\u00e3o antirr\u00e1bica na zona rural"},"content":{"rendered":"<p style=\"text-align: justify;\">A Secretaria de Sa\u00fade de Caruaru\u00a0segue realizando a vacina\u00e7\u00e3o antirr\u00e1bica em c\u00e3es e gatos nas comunidades rurais do munic\u00edpio. Durante este m\u00eas de dezembro estar\u00e3o sendo contempladas as comunidades de Malhada de Pedra, Cip\u00f3, Terra Vermelha, Peladas, Murici, Xicuru, Assentamento Irm\u00e3 Doroty, Assentamento Normandia, Rafael e Cachoeira Seca.<\/p>\n<p style=\"text-align: justify;\">Na zona urbana foram aplicadas aproximadamente 30 mil doses na primeira e segunda etapas da vacina\u00e7\u00e3o antirr\u00e1bica. J\u00e1 na zona rural, a expectativa \u00e9 imunizar, aproximadamente, 9 mil c\u00e3es e gatos durante toda programa\u00e7\u00e3o, que se estender\u00e1 durante o m\u00eas de janeiro em outras localidades, que ser\u00e3o divulgadas posteriormente.<\/p>\n","protected":false},"excerpt":{"rendered":"<p>A Secretaria de Sa\u00fade de Caruaru\u00a0segue realizando a vacina\u00e7\u00e3o antirr\u00e1bica em c\u00e3es e gatos nas comunidades rurais do munic\u00edpio. Durante&hellip;<\/p>\n","protected":false},"author":1,"featured_media":78258,"comment_status":"open","ping_status":"open","sticky":false,"template":"","format":"standard","meta":{"footnotes":""},"categories":[14120],"tags":[],"class_list":["post-78257","post","type-post","status-publish","format-standard","has-post-thumbnail","hentry","category-noticias"],"_links":{"self":[{"href":"https:\/\/blogdoedvaldomagalhaes.com.br\/index.php\/wp-json\/wp\/v2\/posts\/78257","targetHints":{"allow":["GET"]}}],"collection":[{"href":"https:\/\/blogdoedvaldomagalhaes.com.br\/index.php\/wp-json\/wp\/v2\/posts"}],"about":[{"href":"https:\/\/blogdoedvaldomagalhaes.com.br\/index.php\/wp-json\/wp\/v2\/types\/post"}],"author":[{"embeddable":true,"href":"https:\/\/blogdoedvaldomagalhaes.com.br\/index.php\/wp-json\/wp\/v2\/users\/1"}],"replies":[{"embeddable":true,"href":"https:\/\/blogdoedvaldomagalhaes.com.br\/index.php\/wp-json\/wp\/v2\/comments?post=78257"}],"version-history":[{"count":1,"href":"https:\/\/blogdoedvaldomagalhaes.com.br\/index.php\/wp-json\/wp\/v2\/posts\/78257\/revisions"}],"predecessor-version":[{"id":78259,"href":"https:\/\/blogdoedvaldomagalhaes.com.br\/index.php\/wp-json\/wp\/v2\/posts\/78257\/revisions\/78259"}],"wp:featuredmedia":[{"embeddable":true,"href":"https:\/\/blogdoedvaldomagalhaes.com.br\/index.php\/wp-json\/wp\/v2\/media\/78258"}],"wp:attachment":[{"href":"https:\/\/blogdoedvaldomagalhaes.com.br\/index.php\/wp-json\/wp\/v2\/media?parent=78257"}],"wp:term":[{"taxonomy":"category","embeddable":true,"href":"https:\/\/blogdoedvaldomagalhaes.com.br\/index.php\/wp-json\/wp\/v2\/categories?post=78257"},{"taxonomy":"post_tag","embeddable":true,"href":"https:\/\/blogdoedvaldomagalhaes.com.br\/index.php\/wp-json\/wp\/v2\/tags?post=78257"}],"curies":[{"name":"wp","href":"https:\/\/api.w.org\/{rel}","templated":true}]}}