{"id":78254,"date":"2021-12-08T19:55:11","date_gmt":"2021-12-08T22:55:11","guid":{"rendered":"https:\/\/blogdoedvaldomagalhaes.com.br\/?p=78254"},"modified":"2021-12-08T19:55:13","modified_gmt":"2021-12-08T22:55:13","slug":"surto-de-coceira-em-varias-cidades-de-pernambuco-foi-provocado-por-mariposas","status":"publish","type":"post","link":"https:\/\/blogdoedvaldomagalhaes.com.br\/index.php\/2021\/12\/08\/surto-de-coceira-em-varias-cidades-de-pernambuco-foi-provocado-por-mariposas\/","title":{"rendered":"Surto de coceira em v\u00e1rias cidades de Pernambuco, foi provocado por mariposas"},"content":{"rendered":"<div class=\"post-item alt-font\">\n<div class=\"post-item-wrap\">\n<p style=\"text-align: justify;\">O surto de les\u00f5es que causam coceira registrado em munic\u00edpios da regi\u00e3o metropolitana do\u00a0Recife foi provocado por mariposas, segundo\u00a0<a href=\"https:\/\/www.sbd.org.br\/mm\/cms\/2021\/12\/08\/sbd-surto-pernambuco-nota-tecnica.pdf\" target=\"_blank\" rel=\"noopener\">nota t\u00e9cnica<\/a>\u00a0da Sociedade Brasileira de Dermatologia divulgada nesta quarta-feira (8).<img decoding=\"async\" src=\"https:\/\/agenciabrasil.ebc.com.br\/ebc.png?id=1431011&amp;o=node\" \/><img decoding=\"async\" src=\"https:\/\/agenciabrasil.ebc.com.br\/ebc.gif?id=1431011&amp;o=node\" \/><\/p>\n<p style=\"text-align: justify;\">Os mais de 200 casos foram identificados em duas comunidades em uma \u00e1rea de reserva de Mata Atl\u00e2ntica do Parque Estadual Dois Irm\u00e3os. V\u00e1rias hip\u00f3teses foram levantadas, incluindo intoxica\u00e7\u00e3o por ivermectina, escabiose e picadas de insetos.<\/p>\n<p style=\"text-align: justify;\">\u201cA chave do problema repousa nas asas de mariposas do g\u00eanero\u00a0<em>Hylesia<\/em>, que se reproduzem nesta \u00e9poca do ano\u201d, informou a entidade.<\/p>\n<p style=\"text-align: justify;\">Os insetos, de acordo com o documento, \u201centram em ambientes dom\u00e9sticos e, ao se debaterem contra focos de luz, liberam cerdas corporais min\u00fasculas que penetram profundamente na pele e causam intensa dermatite\u201d.<\/p>\n<p style=\"text-align: justify;\">Ag\u00eancia Brasil.<\/p>\n<p>Foto: Freepik.<\/p>\n<\/div>\n<\/div>\n","protected":false},"excerpt":{"rendered":"<p>O surto de les\u00f5es que causam coceira registrado em munic\u00edpios da regi\u00e3o metropolitana do\u00a0Recife foi provocado por mariposas, segundo\u00a0nota t\u00e9cnica\u00a0da&hellip;<\/p>\n","protected":false},"author":1,"featured_media":78255,"comment_status":"open","ping_status":"open","sticky":false,"template":"","format":"standard","meta":{"footnotes":""},"categories":[14120],"tags":[2,19532,3406,23567],"class_list":["post-78254","post","type-post","status-publish","format-standard","has-post-thumbnail","hentry","category-noticias","tag-blog-do-edvaldo-magalhaes","tag-blog-mais-acessado-e-visualizado-de-caruaru-e-regiao","tag-caruaru","tag-surto-de-coceira-no-recife-foi-provocado-por-mariposas"],"_links":{"self":[{"href":"https:\/\/blogdoedvaldomagalhaes.com.br\/index.php\/wp-json\/wp\/v2\/posts\/78254","targetHints":{"allow":["GET"]}}],"collection":[{"href":"https:\/\/blogdoedvaldomagalhaes.com.br\/index.php\/wp-json\/wp\/v2\/posts"}],"about":[{"href":"https:\/\/blogdoedvaldomagalhaes.com.br\/index.php\/wp-json\/wp\/v2\/types\/post"}],"author":[{"embeddable":true,"href":"https:\/\/blogdoedvaldomagalhaes.com.br\/index.php\/wp-json\/wp\/v2\/users\/1"}],"replies":[{"embeddable":true,"href":"https:\/\/blogdoedvaldomagalhaes.com.br\/index.php\/wp-json\/wp\/v2\/comments?post=78254"}],"version-history":[{"count":1,"href":"https:\/\/blogdoedvaldomagalhaes.com.br\/index.php\/wp-json\/wp\/v2\/posts\/78254\/revisions"}],"predecessor-version":[{"id":78256,"href":"https:\/\/blogdoedvaldomagalhaes.com.br\/index.php\/wp-json\/wp\/v2\/posts\/78254\/revisions\/78256"}],"wp:featuredmedia":[{"embeddable":true,"href":"https:\/\/blogdoedvaldomagalhaes.com.br\/index.php\/wp-json\/wp\/v2\/media\/78255"}],"wp:attachment":[{"href":"https:\/\/blogdoedvaldomagalhaes.com.br\/index.php\/wp-json\/wp\/v2\/media?parent=78254"}],"wp:term":[{"taxonomy":"category","embeddable":true,"href":"https:\/\/blogdoedvaldomagalhaes.com.br\/index.php\/wp-json\/wp\/v2\/categories?post=78254"},{"taxonomy":"post_tag","embeddable":true,"href":"https:\/\/blogdoedvaldomagalhaes.com.br\/index.php\/wp-json\/wp\/v2\/tags?post=78254"}],"curies":[{"name":"wp","href":"https:\/\/api.w.org\/{rel}","templated":true}]}}