{"id":78251,"date":"2021-12-08T18:43:58","date_gmt":"2021-12-08T21:43:58","guid":{"rendered":"https:\/\/blogdoedvaldomagalhaes.com.br\/?p=78251"},"modified":"2021-12-08T18:43:59","modified_gmt":"2021-12-08T21:43:59","slug":"anderson-correia-publica-nota-de-repudio-sobre-depoimento-de-vereador-do-para","status":"publish","type":"post","link":"https:\/\/blogdoedvaldomagalhaes.com.br\/index.php\/2021\/12\/08\/anderson-correia-publica-nota-de-repudio-sobre-depoimento-de-vereador-do-para\/","title":{"rendered":"Anderson Correia publica Nota de Rep\u00fadio sobre depoimento de vereador do Par\u00e1"},"content":{"rendered":"<p style=\"text-align: justify;\"><span style=\"font-size: inherit;\">O vereador Anderson Correia (PP), presidente da Comiss\u00e3o Permanente dos Direitos dos Animais da C\u00e2mara Municipal de Caruaru, vem manifestar o seu REP\u00daDIO em decorr\u00eancia da fala do vereador Ant\u00f4nio Bezerra Franco (PSB), o Cangaia, do munic\u00edpio de Tucum\u00e3, no estado do Par\u00e1, onde ele sugeriu, durante uma sess\u00e3o plen\u00e1ria na Tribuna da C\u00e2mara Municipal, que c\u00e3es e gatos de rua fossem entregues para alimentar le\u00f5es em zool\u00f3gico.<\/span><\/p>\n<p style=\"text-align: justify;\">&#8220;\u00c9 levar para os zool\u00f3gicos, colocar para fazer exames e l\u00e1, eles comem. Os le\u00f5es e as on\u00e7as. Acho que a cidade que tem mais gato no mundo \u00e9 aqui. Gato \u00e9 muito pequeno. Acho que n\u00e3o d\u00e1 nem uma dentada pra um le\u00e3o&#8221;, disse o vereador Ant\u00f4nio Bezerra Franco.<\/p>\n<p style=\"text-align: justify;\">Como representante e defensor da causa animal, n\u00e3o toleramos tal conduta contra os animais n\u00e3o-humanos, que s\u00e3o sujeitos de direitos e deveres, al\u00e9m de seres sencientes. REPUDIAMOS a fala do parlamentar em quest\u00e3o, pois n\u00e3o podemos aceitar tamanha crueldade e falta de sensibilidade desta forma e sempre iremos combater condutas desta natureza.<\/p>\n<p style=\"text-align: justify;\">Vereador Anderson Correia.<\/p>\n","protected":false},"excerpt":{"rendered":"<p>O vereador Anderson Correia (PP), presidente da Comiss\u00e3o Permanente dos Direitos dos Animais da C\u00e2mara Municipal de Caruaru, vem manifestar&hellip;<\/p>\n","protected":false},"author":1,"featured_media":78252,"comment_status":"open","ping_status":"open","sticky":false,"template":"","format":"standard","meta":{"footnotes":""},"categories":[14122],"tags":[23566,2,19532,3406],"class_list":["post-78251","post","type-post","status-publish","format-standard","has-post-thumbnail","hentry","category-politica","tag-anderson-correia-publica-nota-de-repudio-sobre-depoimento-de-vereador-do-para","tag-blog-do-edvaldo-magalhaes","tag-blog-mais-acessado-e-visualizado-de-caruaru-e-regiao","tag-caruaru"],"_links":{"self":[{"href":"https:\/\/blogdoedvaldomagalhaes.com.br\/index.php\/wp-json\/wp\/v2\/posts\/78251","targetHints":{"allow":["GET"]}}],"collection":[{"href":"https:\/\/blogdoedvaldomagalhaes.com.br\/index.php\/wp-json\/wp\/v2\/posts"}],"about":[{"href":"https:\/\/blogdoedvaldomagalhaes.com.br\/index.php\/wp-json\/wp\/v2\/types\/post"}],"author":[{"embeddable":true,"href":"https:\/\/blogdoedvaldomagalhaes.com.br\/index.php\/wp-json\/wp\/v2\/users\/1"}],"replies":[{"embeddable":true,"href":"https:\/\/blogdoedvaldomagalhaes.com.br\/index.php\/wp-json\/wp\/v2\/comments?post=78251"}],"version-history":[{"count":1,"href":"https:\/\/blogdoedvaldomagalhaes.com.br\/index.php\/wp-json\/wp\/v2\/posts\/78251\/revisions"}],"predecessor-version":[{"id":78253,"href":"https:\/\/blogdoedvaldomagalhaes.com.br\/index.php\/wp-json\/wp\/v2\/posts\/78251\/revisions\/78253"}],"wp:featuredmedia":[{"embeddable":true,"href":"https:\/\/blogdoedvaldomagalhaes.com.br\/index.php\/wp-json\/wp\/v2\/media\/78252"}],"wp:attachment":[{"href":"https:\/\/blogdoedvaldomagalhaes.com.br\/index.php\/wp-json\/wp\/v2\/media?parent=78251"}],"wp:term":[{"taxonomy":"category","embeddable":true,"href":"https:\/\/blogdoedvaldomagalhaes.com.br\/index.php\/wp-json\/wp\/v2\/categories?post=78251"},{"taxonomy":"post_tag","embeddable":true,"href":"https:\/\/blogdoedvaldomagalhaes.com.br\/index.php\/wp-json\/wp\/v2\/tags?post=78251"}],"curies":[{"name":"wp","href":"https:\/\/api.w.org\/{rel}","templated":true}]}}