{"id":78248,"date":"2021-12-08T18:08:47","date_gmt":"2021-12-08T21:08:47","guid":{"rendered":"https:\/\/blogdoedvaldomagalhaes.com.br\/?p=78248"},"modified":"2021-12-08T18:08:49","modified_gmt":"2021-12-08T21:08:49","slug":"vereadores-participam-de-reuniao-do-condema-nesta-quarta-feira-8","status":"publish","type":"post","link":"https:\/\/blogdoedvaldomagalhaes.com.br\/index.php\/2021\/12\/08\/vereadores-participam-de-reuniao-do-condema-nesta-quarta-feira-8\/","title":{"rendered":"Vereadores participam de reuni\u00e3o do CONDEMA, nesta quarta-feira (8)"},"content":{"rendered":"<p style=\"text-align: justify;\"><span style=\"font-size: inherit;\">O CONSELHO MUNICIPAL DE DEFESA DO MEIO AMBIENTE \u2013 BI\u00caNIO 2021\/2023 c<\/span>onvocou na tarde desta quarta-feira (08) todos os Conselheiros Titulares e\/ou Suplentes, para a segunda Assembleia Ordin\u00e1ria na Sala de Monitoramento da Prefeitura Municipal de Caruaru.<\/p>\n<p style=\"text-align: justify;\">O Conselheiro Titular, vereador Jorge Quintino e o Suplente Irm\u00e3o Ronaldo, ambos da Comiss\u00e3o de Meio Ambiente Legislativa, estiveram presentes.<\/p>\n<p style=\"text-align: justify;\">Durante a reuni\u00e3o, Jorge Quintino parabenizou o avan\u00e7o do CONDEMA e pontuou a necessidade de contrata\u00e7\u00e3o efetiva do guarda-parque Diego Lira e de outros trabalhadores do Parque Natural Professor Jo\u00e3o Vasconcelos Sobrinho.<\/p>\n<p style=\"text-align: justify;\">\u201cEu e Irm\u00e3o Ronaldo, que estamos sempre participando das reuni\u00f5es, trazemos aqui hoje, a grande necessidade de contrata\u00e7\u00e3o efetiva dos guarda-parques. \u00c9 importante ressaltar tamb\u00e9m, a necessidade de preserva\u00e7\u00e3o das \u00e1reas verdes e isso s\u00f3 ser\u00e1 poss\u00edvel se houver intera\u00e7\u00e3o entre o CONDEMA, a URB e a Secretaria de Servi\u00e7os P\u00fablicos\u201d, destacou o vereador Jorge Quintino.<\/p>\n<p style=\"text-align: justify;\">Severino Montenegro que tamb\u00e9m \u00e9 Conselheiro Titular e um dos fundadores do CONDEMA, destacou na reuni\u00e3o, a participa\u00e7\u00e3o do Legislativo, que historicamente n\u00e3o ocorria.<\/p>\n<p style=\"text-align: justify;\">\u201cNunca durante toda a hist\u00f3ria, a participa\u00e7\u00e3o do Poder Legislativo foi t\u00e3o ativa como agora. A realiza\u00e7\u00e3o do di\u00e1logo transversal e multidisciplinar faz toda diferen\u00e7a para avan\u00e7armos\u201d, disse Montenegro.<\/p>\n<p style=\"text-align: justify;\">Entre as pautas que foram debatidas durante a reuni\u00e3o:<\/p>\n<p style=\"text-align: justify;\">1. Posse de Novos Conselheiros;<br \/>\n2. Registro do Inc\u00eandio no Parque Natural Professor Jo\u00e3o Vasconcelos Sobrinho;<br \/>\n3. Institui\u00e7\u00e3o do Comit\u00ea de An\u00e1lise do Regimento Interno;<br \/>\n4. Apresenta\u00e7\u00e3o do Projeto de Redu\u00e7\u00e3o da Vulnerabilidade Clim\u00e1tica de Caruaru;<br \/>\n5. Apresenta\u00e7\u00e3o da Ferramenta de Controle e Gest\u00e3o de \u00c1reas Verdes e Territ\u00f3rio;<br \/>\n6. Apresenta\u00e7\u00e3o do Cronograma Trimestral de Visitas Institucionais do CONDEMA:<\/p>\n<p style=\"text-align: justify;\">Janeiro 2022 &#8211; Central de Tratamento de Res\u00edduos (CTR CARUARU);<\/p>\n<p style=\"text-align: justify;\">Mar\u00e7o 2022 &#8211; Parque Natural Professor Jo\u00e3o Vasconcelos Sobrinho;<\/p>\n<p style=\"text-align: justify;\">Maio 2022 &#8211; Centro de Triagem de Animais Silvestres &#8211; Tangar\u00e1 (Recife-PE).<\/p>\n<p style=\"text-align: justify;\">Na ocasi\u00e3o, tamb\u00e9m foi discutido com profundidade, loteamentos irregulares e clandestinos de Caruaru. Representando o Poder Executivo Municipal, estiveram presentes o secret\u00e1rio executivo do governo, Lino Portela, o presidente da URB Francisco e o secret\u00e1rio executivo de sustentabilidade Ramon Abelenda.<\/p>\n","protected":false},"excerpt":{"rendered":"<p>O CONSELHO MUNICIPAL DE DEFESA DO MEIO AMBIENTE \u2013 BI\u00caNIO 2021\/2023 convocou na tarde desta quarta-feira (08) todos os Conselheiros&hellip;<\/p>\n","protected":false},"author":1,"featured_media":78249,"comment_status":"open","ping_status":"open","sticky":false,"template":"","format":"standard","meta":{"footnotes":""},"categories":[14122],"tags":[2,19532,3406,20,23565],"class_list":["post-78248","post","type-post","status-publish","format-standard","has-post-thumbnail","hentry","category-politica","tag-blog-do-edvaldo-magalhaes","tag-blog-mais-acessado-e-visualizado-de-caruaru-e-regiao","tag-caruaru","tag-politica","tag-vereadores-participam-de-reuniao-do-condema-nesta-quarta-feira-8"],"_links":{"self":[{"href":"https:\/\/blogdoedvaldomagalhaes.com.br\/index.php\/wp-json\/wp\/v2\/posts\/78248","targetHints":{"allow":["GET"]}}],"collection":[{"href":"https:\/\/blogdoedvaldomagalhaes.com.br\/index.php\/wp-json\/wp\/v2\/posts"}],"about":[{"href":"https:\/\/blogdoedvaldomagalhaes.com.br\/index.php\/wp-json\/wp\/v2\/types\/post"}],"author":[{"embeddable":true,"href":"https:\/\/blogdoedvaldomagalhaes.com.br\/index.php\/wp-json\/wp\/v2\/users\/1"}],"replies":[{"embeddable":true,"href":"https:\/\/blogdoedvaldomagalhaes.com.br\/index.php\/wp-json\/wp\/v2\/comments?post=78248"}],"version-history":[{"count":1,"href":"https:\/\/blogdoedvaldomagalhaes.com.br\/index.php\/wp-json\/wp\/v2\/posts\/78248\/revisions"}],"predecessor-version":[{"id":78250,"href":"https:\/\/blogdoedvaldomagalhaes.com.br\/index.php\/wp-json\/wp\/v2\/posts\/78248\/revisions\/78250"}],"wp:featuredmedia":[{"embeddable":true,"href":"https:\/\/blogdoedvaldomagalhaes.com.br\/index.php\/wp-json\/wp\/v2\/media\/78249"}],"wp:attachment":[{"href":"https:\/\/blogdoedvaldomagalhaes.com.br\/index.php\/wp-json\/wp\/v2\/media?parent=78248"}],"wp:term":[{"taxonomy":"category","embeddable":true,"href":"https:\/\/blogdoedvaldomagalhaes.com.br\/index.php\/wp-json\/wp\/v2\/categories?post=78248"},{"taxonomy":"post_tag","embeddable":true,"href":"https:\/\/blogdoedvaldomagalhaes.com.br\/index.php\/wp-json\/wp\/v2\/tags?post=78248"}],"curies":[{"name":"wp","href":"https:\/\/api.w.org\/{rel}","templated":true}]}}