{"id":78246,"date":"2021-12-08T16:36:23","date_gmt":"2021-12-08T19:36:23","guid":{"rendered":"https:\/\/blogdoedvaldomagalhaes.com.br\/?p=78246"},"modified":"2021-12-08T16:36:24","modified_gmt":"2021-12-08T19:36:24","slug":"prefeitura-de-caruaru-abre-27-vagas-de-estagio","status":"publish","type":"post","link":"https:\/\/blogdoedvaldomagalhaes.com.br\/index.php\/2021\/12\/08\/prefeitura-de-caruaru-abre-27-vagas-de-estagio\/","title":{"rendered":"Prefeitura de Caruaru abre 27 vagas de est\u00e1gio"},"content":{"rendered":"<p style=\"text-align: justify;\"><span style=\"font-size: inherit;\">A Prefeitura de Caruaru, por meio da Secretaria de Administra\u00e7\u00e3o (SAD), est\u00e1 com inscri\u00e7\u00f5es abertas para preenchimento de 27 vagas de est\u00e1gio, sendo 25 delas de ampla concorr\u00eancia e duas para portadores de defici\u00eancia. As ofertas s\u00e3o destinadas a estudantes dos cursos superiores de Pedagogia, Psicologia e Servi\u00e7o Social. Os selecionados atuar\u00e3o na Secretaria de Desenvolvimento Social e Direitos Humanos (SDSDH).<\/span><\/p>\n<p style=\"text-align: justify;\">Os interessados podem fazer as inscri\u00e7\u00f5es at\u00e9 esta sexta-feira (10), acessando o portal https:\/\/www.selecoes.caruaru.pe.gov.br De acordo com o edital, o processo seletivo de estagi\u00e1rios ocorrer\u00e1 atrav\u00e9s de duas etapas: prova on-line e an\u00e1lise curricular. Cada candidato s\u00f3 pode concorrer a apenas uma vaga. J\u00e1 o resultado preliminar do processo ser\u00e1 divulgado no mesmo site e no Di\u00e1rio Oficial do munic\u00edpio.<\/p>\n<p style=\"text-align: justify;\">Em caso de d\u00favidas, os candidatos podem enviar e-mail para o endere\u00e7o selecoespmc@gmail.com ou entrar em contato pelo telefone (81) 3721-8507 (Ramal 212), hor\u00e1rio de atendimento das 8h \u00e0s 13h.<\/p>\n<p style=\"text-align: justify;\">Foto: Edm\u00edlson Tanaka.<\/p>\n","protected":false},"excerpt":{"rendered":"<p>A Prefeitura de Caruaru, por meio da Secretaria de Administra\u00e7\u00e3o (SAD), est\u00e1 com inscri\u00e7\u00f5es abertas para preenchimento de 27 vagas&hellip;<\/p>\n","protected":false},"author":1,"featured_media":77473,"comment_status":"open","ping_status":"open","sticky":false,"template":"","format":"standard","meta":{"footnotes":""},"categories":[14120],"tags":[2,19532,3406,23564],"class_list":["post-78246","post","type-post","status-publish","format-standard","has-post-thumbnail","hentry","category-noticias","tag-blog-do-edvaldo-magalhaes","tag-blog-mais-acessado-e-visualizado-de-caruaru-e-regiao","tag-caruaru","tag-prefeitura-de-caruaru-abre-27-vagas-de-estagio"],"_links":{"self":[{"href":"https:\/\/blogdoedvaldomagalhaes.com.br\/index.php\/wp-json\/wp\/v2\/posts\/78246","targetHints":{"allow":["GET"]}}],"collection":[{"href":"https:\/\/blogdoedvaldomagalhaes.com.br\/index.php\/wp-json\/wp\/v2\/posts"}],"about":[{"href":"https:\/\/blogdoedvaldomagalhaes.com.br\/index.php\/wp-json\/wp\/v2\/types\/post"}],"author":[{"embeddable":true,"href":"https:\/\/blogdoedvaldomagalhaes.com.br\/index.php\/wp-json\/wp\/v2\/users\/1"}],"replies":[{"embeddable":true,"href":"https:\/\/blogdoedvaldomagalhaes.com.br\/index.php\/wp-json\/wp\/v2\/comments?post=78246"}],"version-history":[{"count":1,"href":"https:\/\/blogdoedvaldomagalhaes.com.br\/index.php\/wp-json\/wp\/v2\/posts\/78246\/revisions"}],"predecessor-version":[{"id":78247,"href":"https:\/\/blogdoedvaldomagalhaes.com.br\/index.php\/wp-json\/wp\/v2\/posts\/78246\/revisions\/78247"}],"wp:featuredmedia":[{"embeddable":true,"href":"https:\/\/blogdoedvaldomagalhaes.com.br\/index.php\/wp-json\/wp\/v2\/media\/77473"}],"wp:attachment":[{"href":"https:\/\/blogdoedvaldomagalhaes.com.br\/index.php\/wp-json\/wp\/v2\/media?parent=78246"}],"wp:term":[{"taxonomy":"category","embeddable":true,"href":"https:\/\/blogdoedvaldomagalhaes.com.br\/index.php\/wp-json\/wp\/v2\/categories?post=78246"},{"taxonomy":"post_tag","embeddable":true,"href":"https:\/\/blogdoedvaldomagalhaes.com.br\/index.php\/wp-json\/wp\/v2\/tags?post=78246"}],"curies":[{"name":"wp","href":"https:\/\/api.w.org\/{rel}","templated":true}]}}