{"id":78240,"date":"2021-12-08T14:10:37","date_gmt":"2021-12-08T17:10:37","guid":{"rendered":"https:\/\/blogdoedvaldomagalhaes.com.br\/?p=78240"},"modified":"2021-12-08T14:10:39","modified_gmt":"2021-12-08T17:10:39","slug":"pernambuco-recebe-remessa-de-vacinas-da-janssen-para-iniciar-doses-de-reforco","status":"publish","type":"post","link":"https:\/\/blogdoedvaldomagalhaes.com.br\/index.php\/2021\/12\/08\/pernambuco-recebe-remessa-de-vacinas-da-janssen-para-iniciar-doses-de-reforco\/","title":{"rendered":"Pernambuco recebe remessa de vacinas da Janssen para iniciar doses de refor\u00e7o"},"content":{"rendered":"<p style=\"text-align: justify;\">Pernambuco recebeu, na manh\u00e3 desta quarta-feira (08.12), a primeira remessa de vacinas da Janssen para iniciar a dose de refor\u00e7o contra a Covid-19 naqueles que fizeram a primeira aplica\u00e7\u00e3o com esse imunizante. Ao todo, chegaram ao Estado 19.450 doses, que v\u00e3o atender 11,2% dos 173.073 pernambucanos imunizados anteriormente com a Janssen. As vacinas chegaram ao Aeroporto Internacional do Recife\/Guararapes \u2013 Gilberto Freyre e foram encaminhados ao Programa Estadual de Imuniza\u00e7\u00e3o (PNI-PE), que far\u00e1 a divis\u00e3o proporcional por munic\u00edpio. A distribui\u00e7\u00e3o est\u00e1 prevista para a sexta-feira (10.12).<\/p>\n<p style=\"text-align: justify;\">Inicialmente, o esquema completo da Janssen era feito apenas com uma dose \u00fanica. Agora, por orienta\u00e7\u00e3o do Minist\u00e9rio da Sa\u00fade, \u00e9 preciso um refor\u00e7o com o insumo do mesmo fabricante, com intervalo m\u00ednimo de dois meses entre as aplica\u00e7\u00f5es. \u201cEst\u00e1vamos na expectativa dessa chegada da Janssen para as doses de refor\u00e7o. Orientamos que a popula\u00e7\u00e3o fique atenta \u00e0s informa\u00e7\u00f5es da secretaria de Sa\u00fade da sua cidade para saber qual ser\u00e1 a estrat\u00e9gia de aplica\u00e7\u00e3o. Recebemos, neste momento, apenas pouco mais de 11% do necess\u00e1rio para prote\u00e7\u00e3o de todos aqueles que fizeram uma dose da Janssen, mas contamos com o compromisso do Minist\u00e9rio da Sa\u00fade para termos, ao longo das pr\u00f3ximas semanas, o quantitativo necess\u00e1rio do insumo para atender a todos os pernambucanos que precisam desse imunizante\u201d, afirmou o secret\u00e1rio estadual de Sa\u00fade, Andr\u00e9 Longo.<\/p>\n<p style=\"text-align: justify;\">De acordo com o minist\u00e9rio, a partir das doses da Janssen j\u00e1 liberadas para envio aos Estados, de pouco mais de um milh\u00e3o, essa distribui\u00e7\u00e3o contemplar\u00e1 integralmente os munic\u00edpios com fronteiras internacionais e as estimativas de popula\u00e7\u00e3o de rua de todas as cidades do Brasil, al\u00e9m de come\u00e7ar a atender, proporcionalmente, a popula\u00e7\u00e3o em geral.<\/p>\n<p style=\"text-align: justify;\">A estrat\u00e9gia se baseia em evid\u00eancias cient\u00edficas, que apontam o aumento dos n\u00edveis de anticorpos no organismo com esse refor\u00e7o da Janssen, ampliando a prote\u00e7\u00e3o contra a Covid-19. \u201cPessoas que foram vacinadas com dose \u00fanica da Janssen e j\u00e1 fizeram uma dose de refor\u00e7o da Pfizer n\u00e3o necessitar\u00e3o de mais uma dose da Janssen, tendo seu esquema vacinal considerado completo\u201d, explicou a superintendente de Imuniza\u00e7\u00f5es da SES-PE, Ana Catarina de Melo. Ela destacou a import\u00e2ncia de observar que, caso a mulher que se vacinou anteriormente com a Janssen esteja gr\u00e1vida, a orienta\u00e7\u00e3o do Minist\u00e9rio da Sa\u00fade \u00e9 fazer o refor\u00e7o com a Pfizer.<\/p>\n<p style=\"text-align: justify;\">Do in\u00edcio da campanha de vacina\u00e7\u00e3o, em janeiro deste ano, at\u00e9 o momento, Pernambuco j\u00e1 recebeu 16.632.683 doses de vacinas contra a Covid-19. Desse total, foram 5.044.420 da Astrazeneca\/Oxford\/Fiocruz, 4.287.253 da Coronavac\/Butantan, 7.107.750 da Pfizer\/BioNTech e 193.260 da Janssen.<\/p>\n","protected":false},"excerpt":{"rendered":"<p>Pernambuco recebeu, na manh\u00e3 desta quarta-feira (08.12), a primeira remessa de vacinas da Janssen para iniciar a dose de refor\u00e7o&hellip;<\/p>\n","protected":false},"author":1,"featured_media":78241,"comment_status":"open","ping_status":"open","sticky":false,"template":"","format":"standard","meta":{"footnotes":""},"categories":[14120],"tags":[2,19532,3406,23563],"class_list":["post-78240","post","type-post","status-publish","format-standard","has-post-thumbnail","hentry","category-noticias","tag-blog-do-edvaldo-magalhaes","tag-blog-mais-acessado-e-visualizado-de-caruaru-e-regiao","tag-caruaru","tag-pernambuco-recebe-remessa-de-vacinas-da-janssen-para-iniciar-doses-de-reforco"],"_links":{"self":[{"href":"https:\/\/blogdoedvaldomagalhaes.com.br\/index.php\/wp-json\/wp\/v2\/posts\/78240","targetHints":{"allow":["GET"]}}],"collection":[{"href":"https:\/\/blogdoedvaldomagalhaes.com.br\/index.php\/wp-json\/wp\/v2\/posts"}],"about":[{"href":"https:\/\/blogdoedvaldomagalhaes.com.br\/index.php\/wp-json\/wp\/v2\/types\/post"}],"author":[{"embeddable":true,"href":"https:\/\/blogdoedvaldomagalhaes.com.br\/index.php\/wp-json\/wp\/v2\/users\/1"}],"replies":[{"embeddable":true,"href":"https:\/\/blogdoedvaldomagalhaes.com.br\/index.php\/wp-json\/wp\/v2\/comments?post=78240"}],"version-history":[{"count":1,"href":"https:\/\/blogdoedvaldomagalhaes.com.br\/index.php\/wp-json\/wp\/v2\/posts\/78240\/revisions"}],"predecessor-version":[{"id":78242,"href":"https:\/\/blogdoedvaldomagalhaes.com.br\/index.php\/wp-json\/wp\/v2\/posts\/78240\/revisions\/78242"}],"wp:featuredmedia":[{"embeddable":true,"href":"https:\/\/blogdoedvaldomagalhaes.com.br\/index.php\/wp-json\/wp\/v2\/media\/78241"}],"wp:attachment":[{"href":"https:\/\/blogdoedvaldomagalhaes.com.br\/index.php\/wp-json\/wp\/v2\/media?parent=78240"}],"wp:term":[{"taxonomy":"category","embeddable":true,"href":"https:\/\/blogdoedvaldomagalhaes.com.br\/index.php\/wp-json\/wp\/v2\/categories?post=78240"},{"taxonomy":"post_tag","embeddable":true,"href":"https:\/\/blogdoedvaldomagalhaes.com.br\/index.php\/wp-json\/wp\/v2\/tags?post=78240"}],"curies":[{"name":"wp","href":"https:\/\/api.w.org\/{rel}","templated":true}]}}