{"id":78236,"date":"2021-12-08T10:01:06","date_gmt":"2021-12-08T13:01:06","guid":{"rendered":"https:\/\/blogdoedvaldomagalhaes.com.br\/?p=78236"},"modified":"2021-12-08T10:01:08","modified_gmt":"2021-12-08T13:01:08","slug":"aberta-votacao-popular-para-o-iii-registro-do-patrimonio-vivo-de-caruaru","status":"publish","type":"post","link":"https:\/\/blogdoedvaldomagalhaes.com.br\/index.php\/2021\/12\/08\/aberta-votacao-popular-para-o-iii-registro-do-patrimonio-vivo-de-caruaru\/","title":{"rendered":"Aberta vota\u00e7\u00e3o popular para o III Registro do Patrim\u00f4nio Vivo de Caruaru"},"content":{"rendered":"<p style=\"text-align: justify;\"><span style=\"font-size: inherit;\">A Funda\u00e7\u00e3o de Cultura, abriu nesta quarta-feira (8), a vota\u00e7\u00e3o popular para a escolha de um dos integrantes do III Registro do Patrim\u00f4nio Vivo do munic\u00edpio. S\u00e3o 40 habilitados pelo edital, ap\u00f3s a an\u00e1lise do m\u00e9rito art\u00edstico e cultural, e apenas um ser\u00e1 escolhido pela popula\u00e7\u00e3o.<\/span><\/p>\n<p style=\"text-align: justify;\">Cada pessoa pode votar apenas uma vez em um dos candidatos, atrav\u00e9s do site http:\/\/patrimoniovivo.caruaru.pe.gov.br\/. O prazo para a vota\u00e7\u00e3o acaba no dia 14 de dezembro. Os candidatos tamb\u00e9m far\u00e3o uma defesa oral, entre os dias 14 e 16 de dezembro, e ser\u00e3o avaliados por uma Comiss\u00e3o Especial de An\u00e1lise, constitu\u00edda por dois representantes da Funda\u00e7\u00e3o de Cultura e dois do Conselho Municipal de Pol\u00edtica Cultural (CMPC). Se houver empate, o presidente da FCC far\u00e1 o desempate.<\/p>\n<p style=\"text-align: justify;\">Ao todo, esse edital selecionar\u00e1 cinco integrantes do Registro do Patrim\u00f4nio Vivo. O resultado final &#8211; da vota\u00e7\u00e3o popular e com os escolhidos pela comiss\u00e3o &#8211; est\u00e1 previsto para o dia 22 de dezembro.<\/p>\n<p style=\"text-align: justify;\">O Registro do Patrim\u00f4nio Vivo de Caruaru (RPV) tem como objetivo oferecer apoio financeiro e tamb\u00e9m contribuir com a preserva\u00e7\u00e3o, por incentivo do Governo Municipal, para os processos de cria\u00e7\u00e3o e divulga\u00e7\u00e3o de t\u00e9cnicas, modos de fazer e saberes das culturas tradicionais ou populares, mediante atividades, a\u00e7\u00f5es e projetos desenvolvidos por pessoas f\u00edsicas ou jur\u00eddicas de natureza cultural, sem fins lucrativos e residentes ou domiciliados e com atua\u00e7\u00e3o no munic\u00edpio h\u00e1 mais de 20 anos, contados da data do pedido de inscri\u00e7\u00e3o.<\/p>\n<p style=\"text-align: justify;\">Foto: Jana\u00edna Pepeu<\/p>\n","protected":false},"excerpt":{"rendered":"<p>A Funda\u00e7\u00e3o de Cultura, abriu nesta quarta-feira (8), a vota\u00e7\u00e3o popular para a escolha de um dos integrantes do III&hellip;<\/p>\n","protected":false},"author":1,"featured_media":78237,"comment_status":"open","ping_status":"open","sticky":false,"template":"","format":"standard","meta":{"footnotes":""},"categories":[14120],"tags":[23562,2,19532,3406],"class_list":["post-78236","post","type-post","status-publish","format-standard","has-post-thumbnail","hentry","category-noticias","tag-aberta-votacao-popular-para-o-iii-registro-do-patrimonio-vivo-de-caruaru","tag-blog-do-edvaldo-magalhaes","tag-blog-mais-acessado-e-visualizado-de-caruaru-e-regiao","tag-caruaru"],"_links":{"self":[{"href":"https:\/\/blogdoedvaldomagalhaes.com.br\/index.php\/wp-json\/wp\/v2\/posts\/78236","targetHints":{"allow":["GET"]}}],"collection":[{"href":"https:\/\/blogdoedvaldomagalhaes.com.br\/index.php\/wp-json\/wp\/v2\/posts"}],"about":[{"href":"https:\/\/blogdoedvaldomagalhaes.com.br\/index.php\/wp-json\/wp\/v2\/types\/post"}],"author":[{"embeddable":true,"href":"https:\/\/blogdoedvaldomagalhaes.com.br\/index.php\/wp-json\/wp\/v2\/users\/1"}],"replies":[{"embeddable":true,"href":"https:\/\/blogdoedvaldomagalhaes.com.br\/index.php\/wp-json\/wp\/v2\/comments?post=78236"}],"version-history":[{"count":1,"href":"https:\/\/blogdoedvaldomagalhaes.com.br\/index.php\/wp-json\/wp\/v2\/posts\/78236\/revisions"}],"predecessor-version":[{"id":78238,"href":"https:\/\/blogdoedvaldomagalhaes.com.br\/index.php\/wp-json\/wp\/v2\/posts\/78236\/revisions\/78238"}],"wp:featuredmedia":[{"embeddable":true,"href":"https:\/\/blogdoedvaldomagalhaes.com.br\/index.php\/wp-json\/wp\/v2\/media\/78237"}],"wp:attachment":[{"href":"https:\/\/blogdoedvaldomagalhaes.com.br\/index.php\/wp-json\/wp\/v2\/media?parent=78236"}],"wp:term":[{"taxonomy":"category","embeddable":true,"href":"https:\/\/blogdoedvaldomagalhaes.com.br\/index.php\/wp-json\/wp\/v2\/categories?post=78236"},{"taxonomy":"post_tag","embeddable":true,"href":"https:\/\/blogdoedvaldomagalhaes.com.br\/index.php\/wp-json\/wp\/v2\/tags?post=78236"}],"curies":[{"name":"wp","href":"https:\/\/api.w.org\/{rel}","templated":true}]}}