{"id":78234,"date":"2021-12-08T09:27:00","date_gmt":"2021-12-08T12:27:00","guid":{"rendered":"https:\/\/blogdoedvaldomagalhaes.com.br\/?p=78234"},"modified":"2021-12-08T09:27:01","modified_gmt":"2021-12-08T12:27:01","slug":"compesa-mantem-calendario-de-5-dias-com-agua-e-10-sem-em-caruaru","status":"publish","type":"post","link":"https:\/\/blogdoedvaldomagalhaes.com.br\/index.php\/2021\/12\/08\/compesa-mantem-calendario-de-5-dias-com-agua-e-10-sem-em-caruaru\/","title":{"rendered":"Compesa mant\u00e9m calend\u00e1rio de 5 dias com \u00e1gua e 10 sem, em Caruaru"},"content":{"rendered":"<p style=\"text-align: justify;\"><span style=\"font-size: inherit;\">A Compesa informa que foi conclu\u00edda, nesta ter\u00e7a (07), a substitui\u00e7\u00e3o do transformador na subesta\u00e7\u00e3o da Esta\u00e7\u00e3o Elevat\u00f3ria 5 de Jucazinho, ap\u00f3s curto-circuito ocorrido no equipamento. Com a finaliza\u00e7\u00e3o do servi\u00e7o, a vaz\u00e3o de 30% da oferta de \u00e1gua foi recuperada.<\/span><\/p>\n<p style=\"text-align: justify;\">O calend\u00e1rio de 5 dias com \u00e1gua e 10 dias sem, que est\u00e1 em vigor na zona urbana de Caruaru, permanece at\u00e9 que a opera\u00e7\u00e3o do Sistema Jucazinho seja totalmente normalizada. J\u00e1 na zona rural, que vinha sendo atendida por carro pipa, o abastecimento via rede j\u00e1 foi retomado, conforme calend\u00e1rio estabelecido.<\/p>\n<p style=\"text-align: justify;\">A Compesa informa, ainda, que a popula\u00e7\u00e3o pode conferir a data de abastecimento do seu endere\u00e7o atrav\u00e9s do site servicos.compesa.com.br.<\/p>\n<p>Foto: Reprodu\u00e7\u00e3o.<\/p>\n","protected":false},"excerpt":{"rendered":"<p>A Compesa informa que foi conclu\u00edda, nesta ter\u00e7a (07), a substitui\u00e7\u00e3o do transformador na subesta\u00e7\u00e3o da Esta\u00e7\u00e3o Elevat\u00f3ria 5 de&hellip;<\/p>\n","protected":false},"author":1,"featured_media":17699,"comment_status":"open","ping_status":"open","sticky":false,"template":"","format":"standard","meta":{"footnotes":""},"categories":[14120],"tags":[2,19532,3406,23561],"class_list":["post-78234","post","type-post","status-publish","format-standard","has-post-thumbnail","hentry","category-noticias","tag-blog-do-edvaldo-magalhaes","tag-blog-mais-acessado-e-visualizado-de-caruaru-e-regiao","tag-caruaru","tag-compesa-mantem-calendario-de-5-dias-com-agua-e-10-sem-em-caruaru"],"_links":{"self":[{"href":"https:\/\/blogdoedvaldomagalhaes.com.br\/index.php\/wp-json\/wp\/v2\/posts\/78234","targetHints":{"allow":["GET"]}}],"collection":[{"href":"https:\/\/blogdoedvaldomagalhaes.com.br\/index.php\/wp-json\/wp\/v2\/posts"}],"about":[{"href":"https:\/\/blogdoedvaldomagalhaes.com.br\/index.php\/wp-json\/wp\/v2\/types\/post"}],"author":[{"embeddable":true,"href":"https:\/\/blogdoedvaldomagalhaes.com.br\/index.php\/wp-json\/wp\/v2\/users\/1"}],"replies":[{"embeddable":true,"href":"https:\/\/blogdoedvaldomagalhaes.com.br\/index.php\/wp-json\/wp\/v2\/comments?post=78234"}],"version-history":[{"count":1,"href":"https:\/\/blogdoedvaldomagalhaes.com.br\/index.php\/wp-json\/wp\/v2\/posts\/78234\/revisions"}],"predecessor-version":[{"id":78235,"href":"https:\/\/blogdoedvaldomagalhaes.com.br\/index.php\/wp-json\/wp\/v2\/posts\/78234\/revisions\/78235"}],"wp:featuredmedia":[{"embeddable":true,"href":"https:\/\/blogdoedvaldomagalhaes.com.br\/index.php\/wp-json\/wp\/v2\/media\/17699"}],"wp:attachment":[{"href":"https:\/\/blogdoedvaldomagalhaes.com.br\/index.php\/wp-json\/wp\/v2\/media?parent=78234"}],"wp:term":[{"taxonomy":"category","embeddable":true,"href":"https:\/\/blogdoedvaldomagalhaes.com.br\/index.php\/wp-json\/wp\/v2\/categories?post=78234"},{"taxonomy":"post_tag","embeddable":true,"href":"https:\/\/blogdoedvaldomagalhaes.com.br\/index.php\/wp-json\/wp\/v2\/tags?post=78234"}],"curies":[{"name":"wp","href":"https:\/\/api.w.org\/{rel}","templated":true}]}}