{"id":78231,"date":"2021-12-08T08:14:21","date_gmt":"2021-12-08T11:14:21","guid":{"rendered":"https:\/\/blogdoedvaldomagalhaes.com.br\/?p=78231"},"modified":"2021-12-08T08:14:22","modified_gmt":"2021-12-08T11:14:22","slug":"ex-esposa-denuncia-secretario-de-estado-de-agressao-fisica-psicologica-e-ameacas-de-morte","status":"publish","type":"post","link":"https:\/\/blogdoedvaldomagalhaes.com.br\/index.php\/2021\/12\/08\/ex-esposa-denuncia-secretario-de-estado-de-agressao-fisica-psicologica-e-ameacas-de-morte\/","title":{"rendered":"Ex-esposa denuncia Secret\u00e1rio de Estado de agress\u00e3o f\u00edsica, psicol\u00f3gica e amea\u00e7as de morte"},"content":{"rendered":"<p style=\"text-align: justify;\">O secret\u00e1rio estadual de Justi\u00e7a e Direitos Humanos e presidente do Conselho Nacional de Secret\u00e1rios de Justi\u00e7a,\u00a0Pedro Eurico, foi denunciado pela ex-esposa, a economista aposentada Maria Eduarda Marques de Carvalho, com quem manteve um relacionamento durante 25 anos. De acordo com ela, que deu declara\u00e7\u00f5es exclusivas exibidas no NE TV, da Rede Globo, na noite desta ter\u00e7a-feira (7), foram registrados dez boletins de ocorr\u00eancia ao longo dos anos com acusa\u00e7\u00f5es de\u00a0agress\u00e3o f\u00edsica,\u00a0psicol\u00f3gica\u00a0e\u00a0amea\u00e7as de morte. O \u00faltimo boletim foi registrado em novembro.<\/p>\n<p style=\"text-align: justify;\">Em nota, o secret\u00e1rio anunciou seu afastamento do comando da Secretaria Estadual de Justi\u00e7a e Direitos Humanos\u00a0e declarou que \u201cas den\u00fancias improcedentes de agress\u00e3o datam de mais de 10 anos e muitas destas foram retiradas pela suposta v\u00edtima perante a Justi\u00e7a\u201d. \u201cLamentamos as inverdades envolvendo minha vida pessoal\u201d, disse.<\/p>\n<p style=\"text-align: justify;\">J\u00e1 o\u00a0Governo do Estado\u00a0refor\u00e7ou, em nota, o afastamento do secret\u00e1rio e anunciou que o secret\u00e1rio executivo de Coordena\u00e7\u00e3o e Gest\u00e3o, Eduardo Figueiredo, vai responder pela Secretaria de Justi\u00e7a e Direitos Humanos de Pernambuco. O Tribunal de Justi\u00e7a de Pernambuco (TJPE) informou que n\u00e3o pode conceder informa\u00e7\u00f5es sobre concess\u00e3o de medidas protetivas por ser um instrumento jur\u00eddico que corre em segredo de justi\u00e7a e a Pol\u00edcia Civil esclareceu que n\u00e3o pode fornecer informa\u00e7\u00f5es sobre a referida investiga\u00e7\u00e3o.<\/p>\n<p>Foto: Reprodu\u00e7\u00e39\/TV Globo.<\/p>\n","protected":false},"excerpt":{"rendered":"<p>O secret\u00e1rio estadual de Justi\u00e7a e Direitos Humanos e presidente do Conselho Nacional de Secret\u00e1rios de Justi\u00e7a,\u00a0Pedro Eurico, foi denunciado&hellip;<\/p>\n","protected":false},"author":1,"featured_media":78232,"comment_status":"open","ping_status":"open","sticky":false,"template":"","format":"standard","meta":{"footnotes":""},"categories":[14120],"tags":[2,19532,3406,23560],"class_list":["post-78231","post","type-post","status-publish","format-standard","has-post-thumbnail","hentry","category-noticias","tag-blog-do-edvaldo-magalhaes","tag-blog-mais-acessado-e-visualizado-de-caruaru-e-regiao","tag-caruaru","tag-ex-esposa-denuncia-secretario-de-estado-de-agressao-fisica-psicologica-e-ameacas-de-morte"],"_links":{"self":[{"href":"https:\/\/blogdoedvaldomagalhaes.com.br\/index.php\/wp-json\/wp\/v2\/posts\/78231","targetHints":{"allow":["GET"]}}],"collection":[{"href":"https:\/\/blogdoedvaldomagalhaes.com.br\/index.php\/wp-json\/wp\/v2\/posts"}],"about":[{"href":"https:\/\/blogdoedvaldomagalhaes.com.br\/index.php\/wp-json\/wp\/v2\/types\/post"}],"author":[{"embeddable":true,"href":"https:\/\/blogdoedvaldomagalhaes.com.br\/index.php\/wp-json\/wp\/v2\/users\/1"}],"replies":[{"embeddable":true,"href":"https:\/\/blogdoedvaldomagalhaes.com.br\/index.php\/wp-json\/wp\/v2\/comments?post=78231"}],"version-history":[{"count":1,"href":"https:\/\/blogdoedvaldomagalhaes.com.br\/index.php\/wp-json\/wp\/v2\/posts\/78231\/revisions"}],"predecessor-version":[{"id":78233,"href":"https:\/\/blogdoedvaldomagalhaes.com.br\/index.php\/wp-json\/wp\/v2\/posts\/78231\/revisions\/78233"}],"wp:featuredmedia":[{"embeddable":true,"href":"https:\/\/blogdoedvaldomagalhaes.com.br\/index.php\/wp-json\/wp\/v2\/media\/78232"}],"wp:attachment":[{"href":"https:\/\/blogdoedvaldomagalhaes.com.br\/index.php\/wp-json\/wp\/v2\/media?parent=78231"}],"wp:term":[{"taxonomy":"category","embeddable":true,"href":"https:\/\/blogdoedvaldomagalhaes.com.br\/index.php\/wp-json\/wp\/v2\/categories?post=78231"},{"taxonomy":"post_tag","embeddable":true,"href":"https:\/\/blogdoedvaldomagalhaes.com.br\/index.php\/wp-json\/wp\/v2\/tags?post=78231"}],"curies":[{"name":"wp","href":"https:\/\/api.w.org\/{rel}","templated":true}]}}