{"id":78223,"date":"2021-12-07T21:51:37","date_gmt":"2021-12-08T00:51:37","guid":{"rendered":"https:\/\/blogdoedvaldomagalhaes.com.br\/?p=78223"},"modified":"2021-12-07T21:51:38","modified_gmt":"2021-12-08T00:51:38","slug":"policia-militar-inicia-operacao-papai-noel-em-pernambuco","status":"publish","type":"post","link":"https:\/\/blogdoedvaldomagalhaes.com.br\/index.php\/2021\/12\/07\/policia-militar-inicia-operacao-papai-noel-em-pernambuco\/","title":{"rendered":"Pol\u00edcia Militar inicia Opera\u00e7\u00e3o Papai Noel em Pernambuco"},"content":{"rendered":"<p style=\"text-align: justify;\">Como acontece todos os anos, a Pol\u00edcia Militar de Pernambuco j\u00e1 est\u00e1 com um refor\u00e7o mobilizado nas ruas. S\u00e3o a\u00e7\u00f5es ostensivas para garantir a tranquilidade de consumidores e comerciantes nesta \u00e9poca do ano.<\/p>\n<p style=\"text-align: justify;\">A Opera\u00e7\u00e3o Papai Noel foi lan\u00e7ada nesta ter\u00e7a-feira (07), no Recife, pelo diretor adjunto de Planejamento Operacional da PM, Alexandre Tavares. De acordo com ele, uma grande mobiliza\u00e7\u00e3o de tropas ser\u00e1 realizada do Litoral ao Sert\u00e3o.<\/p>\n","protected":false},"excerpt":{"rendered":"<p>Como acontece todos os anos, a Pol\u00edcia Militar de Pernambuco j\u00e1 est\u00e1 com um refor\u00e7o mobilizado nas ruas. S\u00e3o a\u00e7\u00f5es&hellip;<\/p>\n","protected":false},"author":1,"featured_media":78224,"comment_status":"open","ping_status":"open","sticky":false,"template":"","format":"standard","meta":{"footnotes":""},"categories":[14121],"tags":[2,19532,3406,23558],"class_list":["post-78223","post","type-post","status-publish","format-standard","has-post-thumbnail","hentry","category-policial","tag-blog-do-edvaldo-magalhaes","tag-blog-mais-acessado-e-visualizado-de-caruaru-e-regiao","tag-caruaru","tag-policia-militar-inicia-operacao-papai-noel-em-pernambuco"],"_links":{"self":[{"href":"https:\/\/blogdoedvaldomagalhaes.com.br\/index.php\/wp-json\/wp\/v2\/posts\/78223","targetHints":{"allow":["GET"]}}],"collection":[{"href":"https:\/\/blogdoedvaldomagalhaes.com.br\/index.php\/wp-json\/wp\/v2\/posts"}],"about":[{"href":"https:\/\/blogdoedvaldomagalhaes.com.br\/index.php\/wp-json\/wp\/v2\/types\/post"}],"author":[{"embeddable":true,"href":"https:\/\/blogdoedvaldomagalhaes.com.br\/index.php\/wp-json\/wp\/v2\/users\/1"}],"replies":[{"embeddable":true,"href":"https:\/\/blogdoedvaldomagalhaes.com.br\/index.php\/wp-json\/wp\/v2\/comments?post=78223"}],"version-history":[{"count":1,"href":"https:\/\/blogdoedvaldomagalhaes.com.br\/index.php\/wp-json\/wp\/v2\/posts\/78223\/revisions"}],"predecessor-version":[{"id":78225,"href":"https:\/\/blogdoedvaldomagalhaes.com.br\/index.php\/wp-json\/wp\/v2\/posts\/78223\/revisions\/78225"}],"wp:featuredmedia":[{"embeddable":true,"href":"https:\/\/blogdoedvaldomagalhaes.com.br\/index.php\/wp-json\/wp\/v2\/media\/78224"}],"wp:attachment":[{"href":"https:\/\/blogdoedvaldomagalhaes.com.br\/index.php\/wp-json\/wp\/v2\/media?parent=78223"}],"wp:term":[{"taxonomy":"category","embeddable":true,"href":"https:\/\/blogdoedvaldomagalhaes.com.br\/index.php\/wp-json\/wp\/v2\/categories?post=78223"},{"taxonomy":"post_tag","embeddable":true,"href":"https:\/\/blogdoedvaldomagalhaes.com.br\/index.php\/wp-json\/wp\/v2\/tags?post=78223"}],"curies":[{"name":"wp","href":"https:\/\/api.w.org\/{rel}","templated":true}]}}