{"id":7814,"date":"2016-11-02T17:08:00","date_gmt":"2016-11-02T19:08:00","guid":{"rendered":"http:\/\/blogdoedvaldomagalhaes.com.br\/index.php\/2016\/11\/02\/fisioterapeuta-e-presa-acusada-de\/"},"modified":"2019-02-09T01:04:44","modified_gmt":"2019-02-09T03:04:44","slug":"fisioterapeuta-e-presa-acusada-de","status":"publish","type":"post","link":"https:\/\/blogdoedvaldomagalhaes.com.br\/index.php\/2016\/11\/02\/fisioterapeuta-e-presa-acusada-de\/","title":{"rendered":"Fisioterapeuta \u00e9 presa acusada de mandar matar esposa de vereador eleito"},"content":{"rendered":"<div class=\"separator\" style=\"clear: both; text-align: center;\">\n<a href=\"https:\/\/2.bp.blogspot.com\/-fVhYva371nU\/WBob3FhWhiI\/AAAAAAAAJLw\/lPgsb9LOXSA1XmxDYBeVFEAha0l6VfqgwCLcB\/s1600\/paquita.jpeg\" imageanchor=\"1\" style=\"margin-left: 1em; margin-right: 1em;\"><img loading=\"lazy\" decoding=\"async\" border=\"0\" height=\"400\" src=\"http:\/\/blogdoedvaldomagalhaes.com.br\/wp-content\/uploads\/2016\/11\/paquita.jpeg\" width=\"240\" \/><\/a><\/div>\n<div class=\"MsoNormal\" style=\"line-height: normal; margin-bottom: .0001pt; margin-bottom: 0cm; text-align: justify;\">\n<\/div>\n<div class=\"MsoNormal\" style=\"line-height: normal; margin-bottom: .0001pt; margin-bottom: 0cm; text-align: justify;\">\nA&nbsp;fisioterapeuta&nbsp;<b>S\u00edlvia Patr\u00edcio&nbsp;<\/b>foi<br \/>\npresa em flagrante como mandante da morte de&nbsp;\u00c9rica de Souza Leite, 30 anos, conhecida por<br \/>\nPaulinha, esposa do vereador eleito e odont\u00f3logo Marc\u00edlio Pires.&nbsp;A pris\u00e3o foi poss\u00edvel ap\u00f3s o executor<br \/>\ndo crime,&nbsp;<b style=\"background-color: white; font-family: Arial, sans-serif; font-size: 12pt;\">Jos\u00e9 Ten\u00f3rio da Silva<\/b>, o&nbsp;<b style=\"background-color: white; font-family: Arial, sans-serif; font-size: 12pt;\">Z\u00e9 Galego<\/b>, residente<br \/>\nno Bairro Borges, ter sido preso por policiais entre os munic\u00edpios de Tabira e<br \/>\nSolid\u00e3o. Ele foi ouvido pelos delegados em Afogados da<br \/>\nIngazeira.<\/div>\n<div class=\"MsoNormal\" style=\"line-height: normal; margin-bottom: .0001pt; margin-bottom: 0cm; text-align: justify;\">\n<\/div>\n<div class=\"separator\" style=\"clear: both; text-align: center;\">\n<a href=\"https:\/\/4.bp.blogspot.com\/-VU8JYjOvzl0\/WBob_CPRL_I\/AAAAAAAAJL0\/kzxXy_msfMknCANR9u9a-G_TmxrZ600ywCLcB\/s1600\/assassino.jpeg\" imageanchor=\"1\" style=\"margin-left: 1em; margin-right: 1em;\"><img loading=\"lazy\" decoding=\"async\" border=\"0\" height=\"339\" src=\"http:\/\/blogdoedvaldomagalhaes.com.br\/wp-content\/uploads\/2016\/11\/assassino.jpeg\" width=\"400\" \/><\/a><\/div>\n<div class=\"MsoNormal\" style=\"background: white; line-height: normal; margin-bottom: .0001pt; margin-bottom: 0cm; text-align: justify;\">\n<\/div>\n<div class=\"MsoNormal\" style=\"background: white; line-height: normal; margin-bottom: .0001pt; margin-bottom: 0cm; text-align: justify;\">\nA primeira<br \/>\nvers\u00e3o de Z\u00e9 Galego foi a de que a v\u00edtima o devia uma import\u00e2ncia em dinheiro.<br \/>\nA pol\u00edcia n\u00e3o acreditou na vers\u00e3o, j\u00e1 que ele morava na Rua da Igreja, Bairro<br \/>\nBorges, trabalhava em uma oficina sem muitos recursos e n\u00e3o tinha nenhuma<br \/>\nrela\u00e7\u00e3o profissional com a v\u00edtima que sequer o conhecia.&nbsp;No curso dos depoimentos, Jos\u00e9 Ten\u00f3rio<br \/>\nacabou confessando que S\u00edlvia Patr\u00edcio teria pago R$ 1 mil reais para que ele<br \/>\nexecutasse a jovem. A fisioterapeuta tem negado, mas a verdade \u00e9 que os<br \/>\ninvestigadores n\u00e3o tem d\u00favida da autoria.&nbsp;<\/div>\n<div class=\"MsoNormal\" style=\"background: white; line-height: normal; margin-bottom: .0001pt; margin-bottom: 0cm; text-align: justify;\">\n<\/div>\n<div class=\"MsoNormal\" style=\"background: white; line-height: normal; margin-bottom: .0001pt; margin-bottom: 0cm; text-align: justify;\">\nSilvia e Ten\u00f3rio est\u00e3o na sede da \u00c1rea<br \/>\nIntegrada de Seguran\u00e7a de Afogados da Ingazeira, onde funcionam Delegacia e 23\u00ba<br \/>\nBPM. Est\u00e3o escoltados por policiais em celas da unidade. Ele deve ser levado \u00e0<br \/>\nCadeia P\u00fablica de Afogados e ela, ao Pres\u00eddio Feminino de Bu\u00edque. Mas para<br \/>\nisso, o juiz de plant\u00e3o ter\u00e1 que acatar o flagrante na audi\u00eancia de<br \/>\ncust\u00f3dia.&nbsp;<\/div>\n<div class=\"MsoNormal\" style=\"background: white; line-height: 13.8pt; margin-bottom: .0001pt; margin-bottom: 0cm; text-align: justify;\">\n<\/div>\n<div class=\"MsoNormal\" style=\"background: white; line-height: 13.8pt; margin-bottom: .0001pt; margin-bottom: 0cm; text-align: justify;\">\nO crime pode revelar um<br \/>\ntr\u00e1gico desfecho ap\u00f3s o fim de um relacionamento que Marc\u00edlio e S\u00edlvia tiveram<br \/>\nh\u00e1 quase dez anos. Desde ent\u00e3o, ela vivia inconformada com o t\u00e9rmino da rela\u00e7\u00e3o<br \/>\ne passou a assumir segundo o pr\u00f3prio odont\u00f3logo uma postura obsessiva, de<br \/>\npersegui\u00e7\u00e3o a ele e aos seus relacionamentos, segundo a apura\u00e7\u00e3o. Marc\u00edlio j\u00e1<br \/>\nchegou a denunci\u00e1-la por amea\u00e7a \u00e0 sua esposa, pelo que foi apurado.&nbsp;<\/div>\n<div class=\"MsoNormal\" style=\"background: white; line-height: 13.8pt; margin-bottom: .0001pt; margin-bottom: 0cm; text-align: justify;\">\n<\/div>\n<div class=\"MsoNormal\" style=\"background: white; line-height: 13.8pt; margin-bottom: .0001pt; margin-bottom: 0cm; text-align: justify;\">\nMaria Silvaneide da Silva Patricio, tem<br \/>\n44 anos e \u00e9 natural de Carna\u00edba. \u00c9 formada como Fisioterapeuta e Terapeuta<br \/>\nOcupacional. Nas \u00faltimas elei\u00e7\u00f5es, foi candidata a<br \/>\nvereadora pelo PTC, obtendo 41 votos. Recentemente, iniciou a participa\u00e7\u00e3o em<br \/>\numa comiss\u00e3o que buscava reduzir os sal\u00e1rios de vereadores tabirenses.&nbsp;<\/div>\n<div class=\"MsoNormal\" style=\"background: white; line-height: 13.8pt; margin-bottom: .0001pt; margin-bottom: 0cm; text-align: justify;\">\n<\/div>\n<div class=\"MsoNormal\" style=\"background: white; line-height: 13.8pt; margin-bottom: .0001pt; margin-bottom: 0cm; text-align: justify;\">\nO acusado comprou a faca do crime na<br \/>\nfeira de&nbsp;Tabira, abordou a v\u00edtima quando ela chegava da Academia entre 9h30 e 10h da manh\u00e3. Imagens de uma c\u00e2mera de seguran\u00e7a pr\u00f3xima ao local indica que a v\u00edtima lutou at\u00e9 o fim pela<br \/>\nvida, at\u00e9 ser atingida com um golpe&nbsp;&nbsp;no pesco\u00e7o e desfalecer.<br \/>\nPaulinha j\u00e1 deu entrada no Hospital de Tabira sem vida.&nbsp;&nbsp;O v\u00eddeo bate<br \/>\ncom relato da Diretora do Hospital Maria Jos\u00e9 (Zeza),&nbsp;&nbsp;com base nos<br \/>\nrelatos do m\u00e9dico Jamerson, pois tamb\u00e9m havia les\u00e3o dos bra\u00e7os, t\u00edpicas de quem<br \/>\nse defende do agressor.&nbsp;<\/div>\n<div class=\"separator\" style=\"clear: both; text-align: center;\">\n<a href=\"https:\/\/1.bp.blogspot.com\/-CO_cGyvHJws\/WBodAjD9w9I\/AAAAAAAAJL4\/EMTBjnHd1sI0AbvPK1b9mbcgrSldoYlFQCLcB\/s1600\/casal.jpeg\" imageanchor=\"1\" style=\"margin-left: 1em; margin-right: 1em;\"><img loading=\"lazy\" decoding=\"async\" border=\"0\" height=\"400\" src=\"http:\/\/blogdoedvaldomagalhaes.com.br\/wp-content\/uploads\/2016\/11\/casal.jpeg\" width=\"400\" \/><\/a><\/div>\n<div class=\"MsoNormal\" style=\"background: white; line-height: 13.8pt; margin-bottom: .0001pt; margin-bottom: 0cm; text-align: justify;\">\n<\/div>\n<p><\/p>\n<div class=\"MsoNormal\" style=\"background: white; line-height: 13.8pt; margin-bottom: .0001pt; margin-bottom: 0cm; text-align: justify;\">\n(FONTE: Blog do Nill Junior)<\/div>\n","protected":false},"excerpt":{"rendered":"<p>A&nbsp;fisioterapeuta&nbsp;S\u00edlvia Patr\u00edcio&nbsp;foi presa em flagrante como mandante da morte de&nbsp;\u00c9rica de Souza Leite, 30 anos, conhecida por Paulinha, esposa do&hellip;<\/p>\n","protected":false},"author":1,"featured_media":0,"comment_status":"open","ping_status":"open","sticky":false,"template":"","format":"standard","meta":{"footnotes":""},"categories":[1],"tags":[6653,2,11389,13,11390],"class_list":["post-7814","post","type-post","status-publish","format-standard","hentry","category-sem-categoria","tag-afogados-da-ingazeira","tag-blog-do-edvaldo-magalhaes","tag-fisioterapeuta-e-presa-acusada-de-mandar-matar-esposa-de-vereador-eleito","tag-policial","tag-tabira"],"_links":{"self":[{"href":"https:\/\/blogdoedvaldomagalhaes.com.br\/index.php\/wp-json\/wp\/v2\/posts\/7814","targetHints":{"allow":["GET"]}}],"collection":[{"href":"https:\/\/blogdoedvaldomagalhaes.com.br\/index.php\/wp-json\/wp\/v2\/posts"}],"about":[{"href":"https:\/\/blogdoedvaldomagalhaes.com.br\/index.php\/wp-json\/wp\/v2\/types\/post"}],"author":[{"embeddable":true,"href":"https:\/\/blogdoedvaldomagalhaes.com.br\/index.php\/wp-json\/wp\/v2\/users\/1"}],"replies":[{"embeddable":true,"href":"https:\/\/blogdoedvaldomagalhaes.com.br\/index.php\/wp-json\/wp\/v2\/comments?post=7814"}],"version-history":[{"count":1,"href":"https:\/\/blogdoedvaldomagalhaes.com.br\/index.php\/wp-json\/wp\/v2\/posts\/7814\/revisions"}],"predecessor-version":[{"id":13720,"href":"https:\/\/blogdoedvaldomagalhaes.com.br\/index.php\/wp-json\/wp\/v2\/posts\/7814\/revisions\/13720"}],"wp:attachment":[{"href":"https:\/\/blogdoedvaldomagalhaes.com.br\/index.php\/wp-json\/wp\/v2\/media?parent=7814"}],"wp:term":[{"taxonomy":"category","embeddable":true,"href":"https:\/\/blogdoedvaldomagalhaes.com.br\/index.php\/wp-json\/wp\/v2\/categories?post=7814"},{"taxonomy":"post_tag","embeddable":true,"href":"https:\/\/blogdoedvaldomagalhaes.com.br\/index.php\/wp-json\/wp\/v2\/tags?post=7814"}],"curies":[{"name":"wp","href":"https:\/\/api.w.org\/{rel}","templated":true}]}}