{"id":7813,"date":"2016-11-02T22:06:00","date_gmt":"2016-11-03T00:06:00","guid":{"rendered":"http:\/\/blogdoedvaldomagalhaes.com.br\/index.php\/2016\/11\/02\/idoso-morre-apos-uma-colisao-entre-u\/"},"modified":"2019-02-09T01:04:44","modified_gmt":"2019-02-09T03:04:44","slug":"idoso-morre-apos-uma-colisao-entre-u","status":"publish","type":"post","link":"https:\/\/blogdoedvaldomagalhaes.com.br\/index.php\/2016\/11\/02\/idoso-morre-apos-uma-colisao-entre-u\/","title":{"rendered":"Idoso morre ap\u00f3s uma colis\u00e3o entre um carro e uma motocicleta na BR-232"},"content":{"rendered":"<div class=\"separator\" style=\"clear: both; text-align: center;\">\n<a href=\"https:\/\/3.bp.blogspot.com\/-h9--ZNTk1k0\/WBpjSsGwUlI\/AAAAAAAAJMM\/acK43wkzCwMPU1OQDxI9fYXk-MP3cNq3QCLcB\/s1600\/carro.jpg\" imageanchor=\"1\" style=\"margin-left: 1em; margin-right: 1em;\"><img loading=\"lazy\" decoding=\"async\" border=\"0\" height=\"300\" src=\"http:\/\/blogdoedvaldomagalhaes.com.br\/wp-content\/uploads\/2016\/11\/carro.jpg\" width=\"400\" \/><\/a><\/div>\n<div style=\"background: rgb(255, 255, 255); letter-spacing: -0.02em; line-height: 1.45em; outline: 0px; padding: 0px 0px 1.5em; text-align: center;\">\nFoto divulga\u00e7\u00e3o da PRF<\/div>\n<div style=\"background: rgb(255, 255, 255); letter-spacing: -0.02em; line-height: 1.45em; outline: 0px; padding: 0px 0px 1.5em; text-align: justify;\">\nRecebemos uma informa\u00e7\u00e3o da Pol\u00edcia Rodovi\u00e1ria Federal dando conta que um idoso de 62 anos morreu em um acidente nesta quarta-feira (2), na BR-232, no Km 264, em Sert\u00e2nia, no sert\u00e3o pernambucano. A PRF informou que um carro fez uma ultrapassagem irregular e colidiu de frente com a motocicleta, que era condizida pelo idoso.<\/div>\n<div style=\"background: rgb(255, 255, 255); letter-spacing: -0.02em; line-height: 1.45em; outline: 0px; padding: 0px 0px 1.5em; text-align: justify;\">\nO motorista do carro, de 56 anos, e a m\u00e3e dele, de 80 anos, ficaram feridos. A mulher foi levada ao Hospital Regional de Arcoverde, tamb\u00e9m no sert\u00e3o do estado.&nbsp;N\u00e3o temos informa\u00e7\u00f5es sobre o estado de sa\u00fade dos feridos. O corpo do idoso foi levado ao Instituto de Medicina Legal (IML) em Caruaru.<\/div>\n","protected":false},"excerpt":{"rendered":"<p>Foto divulga\u00e7\u00e3o da PRF Recebemos uma informa\u00e7\u00e3o da Pol\u00edcia Rodovi\u00e1ria Federal dando conta que um idoso de 62 anos morreu&hellip;<\/p>\n","protected":false},"author":1,"featured_media":0,"comment_status":"open","ping_status":"open","sticky":false,"template":"","format":"standard","meta":{"footnotes":""},"categories":[1],"tags":[2,11388,3149,6,2278,287,8778],"class_list":["post-7813","post","type-post","status-publish","format-standard","hentry","category-sem-categoria","tag-blog-do-edvaldo-magalhaes","tag-idoso-morre-apos-uma-colisao-entre-um-carro-e-uma-motocicleta-na-br-232","tag-iml","tag-noticias","tag-policia-rodoviaria-federal","tag-prf","tag-sertania"],"_links":{"self":[{"href":"https:\/\/blogdoedvaldomagalhaes.com.br\/index.php\/wp-json\/wp\/v2\/posts\/7813","targetHints":{"allow":["GET"]}}],"collection":[{"href":"https:\/\/blogdoedvaldomagalhaes.com.br\/index.php\/wp-json\/wp\/v2\/posts"}],"about":[{"href":"https:\/\/blogdoedvaldomagalhaes.com.br\/index.php\/wp-json\/wp\/v2\/types\/post"}],"author":[{"embeddable":true,"href":"https:\/\/blogdoedvaldomagalhaes.com.br\/index.php\/wp-json\/wp\/v2\/users\/1"}],"replies":[{"embeddable":true,"href":"https:\/\/blogdoedvaldomagalhaes.com.br\/index.php\/wp-json\/wp\/v2\/comments?post=7813"}],"version-history":[{"count":1,"href":"https:\/\/blogdoedvaldomagalhaes.com.br\/index.php\/wp-json\/wp\/v2\/posts\/7813\/revisions"}],"predecessor-version":[{"id":13722,"href":"https:\/\/blogdoedvaldomagalhaes.com.br\/index.php\/wp-json\/wp\/v2\/posts\/7813\/revisions\/13722"}],"wp:attachment":[{"href":"https:\/\/blogdoedvaldomagalhaes.com.br\/index.php\/wp-json\/wp\/v2\/media?parent=7813"}],"wp:term":[{"taxonomy":"category","embeddable":true,"href":"https:\/\/blogdoedvaldomagalhaes.com.br\/index.php\/wp-json\/wp\/v2\/categories?post=7813"},{"taxonomy":"post_tag","embeddable":true,"href":"https:\/\/blogdoedvaldomagalhaes.com.br\/index.php\/wp-json\/wp\/v2\/tags?post=7813"}],"curies":[{"name":"wp","href":"https:\/\/api.w.org\/{rel}","templated":true}]}}