{"id":7809,"date":"2016-11-03T11:16:00","date_gmt":"2016-11-03T13:16:00","guid":{"rendered":"http:\/\/blogdoedvaldomagalhaes.com.br\/index.php\/2016\/11\/03\/cunha-chama-lula-temer-e-ex-ministro\/"},"modified":"2019-02-09T01:04:45","modified_gmt":"2019-02-09T03:04:45","slug":"cunha-chama-lula-temer-e-ex-ministro","status":"publish","type":"post","link":"https:\/\/blogdoedvaldomagalhaes.com.br\/index.php\/2016\/11\/03\/cunha-chama-lula-temer-e-ex-ministro\/","title":{"rendered":"Cunha chama Lula, Temer e ex-Ministro como testemunhas de defesa na Opera\u00e7\u00e3o Lava Jato"},"content":{"rendered":"<p><\/p>\n<div class=\"separator\" style=\"clear: both; text-align: center;\">\n<a href=\"https:\/\/3.bp.blogspot.com\/--T_CFIzTN4Y\/WBsb7waXYwI\/AAAAAAAAJNQ\/96wxuLvc8NIYmU7X4pJiABAkmjvMGUCdACLcB\/s1600\/cunha.jpg\" imageanchor=\"1\" style=\"margin-left: 1em; margin-right: 1em;\"><img loading=\"lazy\" decoding=\"async\" border=\"0\" height=\"300\" src=\"http:\/\/blogdoedvaldomagalhaes.com.br\/wp-content\/uploads\/2016\/11\/cunha.jpg\" width=\"400\" \/><\/a><\/div>\n<div class=\"separator\" style=\"clear: both; text-align: center;\">\nFoto: Giuliano Gomes\/PR Press<\/div>\n<div style=\"text-align: justify;\">\n<\/div>\n<p><\/p>\n<div class=\"MsoNormal\" style=\"line-height: normal; margin-bottom: .0001pt; margin-bottom: 0cm; text-align: justify;\">\nO ex-presidente da C\u00e2mara e deputado cassado<br \/>\nEduardo Cunha (PMDB-RJ) chamou o presidente Michel Temer (PMDB), o<br \/>\nex-presidente Luiz In\u00e1cio Lula da Silva (PT) e o ex-ministro Henrique Alves<br \/>\n(PMDB-RN), al\u00e9m de outras figuras p\u00fablicas, como testemunhas de defesa no<br \/>\nprocesso que responde no \u00e2mbito da Opera\u00e7\u00e3o Lava Jato em Curitiba.&nbsp;Cunha<br \/>\nfoi preso no dia 19 de outubro e \u00e9 acusado de receber propina de contrato de<br \/>\nexplora\u00e7\u00e3o de Petr\u00f3leo no Benin, na \u00c1frica, al\u00e9m de usar contas na Su\u00ed\u00e7a para<br \/>\nlavar o dinheiro.&nbsp;<\/div>\n<div style=\"text-align: justify;\">\n<div class=\"MsoNormal\" style=\"line-height: normal; margin-bottom: 0.0001pt;\">\n<\/div>\n<div class=\"MsoNormal\" style=\"background: white; line-height: 17.4pt; margin-bottom: 0.0001pt;\">\nA convoca\u00e7\u00e3o das<br \/>\ntestemunhas faz parte da defesa pr\u00e9via de Eduardo Cunha, protocolada no sistema<br \/>\nda Justi\u00e7a Federal na noite da \u00faltima ter\u00e7a-feira (01). A defesa pede que a<br \/>\nden\u00fancia contra o ex-deputado seja rejeitada, e pede tamb\u00e9m rejei\u00e7\u00e3o da<br \/>\nacusa\u00e7\u00e3o de corrup\u00e7\u00e3o passiva, a rejei\u00e7\u00e3o de parte da den\u00fancia que acusa o<br \/>\nex-deputado de conduta criminosa em rela\u00e7\u00e3o ao ex-diretor da Petrobras Jorge<br \/>\nZelada (j\u00e1 condenado pela Lava Jato), a absolvi\u00e7\u00e3o sum\u00e1ria do crime de evas\u00e3o<br \/>\nde divisas, a suspens\u00e3o do processo at\u00e9 que sejam julgados embargos de<br \/>\ndeclara\u00e7\u00e3o apresentados ao Supremo Tribunal Federal (STF) e a nulidade das<br \/>\nprovas. A defesa alega que n\u00e3o teve acesso a provas.&nbsp;A convoca\u00e7\u00e3o das<br \/>\ntestemunhas \u00e9 v\u00e1lida caso estes outros pedidos da defesa n\u00e3o sejam aceitos.<\/div>\n<\/div>\n","protected":false},"excerpt":{"rendered":"<p>Foto: Giuliano Gomes\/PR Press O ex-presidente da C\u00e2mara e deputado cassado Eduardo Cunha (PMDB-RJ) chamou o presidente Michel Temer (PMDB),&hellip;<\/p>\n","protected":false},"author":1,"featured_media":0,"comment_status":"open","ping_status":"open","sticky":false,"template":"","format":"standard","meta":{"footnotes":""},"categories":[1],"tags":[11378,11379,2,11380,11381,11382,20,11383],"class_list":["post-7809","post","type-post","status-publish","format-standard","hentry","category-sem-categoria","tag-africa","tag-benin","tag-blog-do-edvaldo-magalhaes","tag-cunha-chama-lula","tag-henrique-alves","tag-jorge-zelada","tag-politica","tag-temer-e-ex-ministro-como-testemunhas-de-defesa-na-operacao-lava-jato"],"_links":{"self":[{"href":"https:\/\/blogdoedvaldomagalhaes.com.br\/index.php\/wp-json\/wp\/v2\/posts\/7809","targetHints":{"allow":["GET"]}}],"collection":[{"href":"https:\/\/blogdoedvaldomagalhaes.com.br\/index.php\/wp-json\/wp\/v2\/posts"}],"about":[{"href":"https:\/\/blogdoedvaldomagalhaes.com.br\/index.php\/wp-json\/wp\/v2\/types\/post"}],"author":[{"embeddable":true,"href":"https:\/\/blogdoedvaldomagalhaes.com.br\/index.php\/wp-json\/wp\/v2\/users\/1"}],"replies":[{"embeddable":true,"href":"https:\/\/blogdoedvaldomagalhaes.com.br\/index.php\/wp-json\/wp\/v2\/comments?post=7809"}],"version-history":[{"count":1,"href":"https:\/\/blogdoedvaldomagalhaes.com.br\/index.php\/wp-json\/wp\/v2\/posts\/7809\/revisions"}],"predecessor-version":[{"id":13730,"href":"https:\/\/blogdoedvaldomagalhaes.com.br\/index.php\/wp-json\/wp\/v2\/posts\/7809\/revisions\/13730"}],"wp:attachment":[{"href":"https:\/\/blogdoedvaldomagalhaes.com.br\/index.php\/wp-json\/wp\/v2\/media?parent=7809"}],"wp:term":[{"taxonomy":"category","embeddable":true,"href":"https:\/\/blogdoedvaldomagalhaes.com.br\/index.php\/wp-json\/wp\/v2\/categories?post=7809"},{"taxonomy":"post_tag","embeddable":true,"href":"https:\/\/blogdoedvaldomagalhaes.com.br\/index.php\/wp-json\/wp\/v2\/tags?post=7809"}],"curies":[{"name":"wp","href":"https:\/\/api.w.org\/{rel}","templated":true}]}}