{"id":7808,"date":"2016-11-03T11:21:00","date_gmt":"2016-11-03T13:21:00","guid":{"rendered":"http:\/\/blogdoedvaldomagalhaes.com.br\/index.php\/2016\/11\/03\/procurador-no-ceara-pede-suspensao-das\/"},"modified":"2019-02-09T01:04:45","modified_gmt":"2019-02-09T03:04:45","slug":"procurador-no-ceara-pede-suspensao-das","status":"publish","type":"post","link":"https:\/\/blogdoedvaldomagalhaes.com.br\/index.php\/2016\/11\/03\/procurador-no-ceara-pede-suspensao-das\/","title":{"rendered":"Procurador no Cear\u00e1 pede suspens\u00e3o das provas do Enem em todo pa\u00eds"},"content":{"rendered":"<div class=\"separator\" style=\"clear: both; text-align: center;\">\n<a href=\"https:\/\/4.bp.blogspot.com\/-UAqdFOvm0KY\/WBsdaQbi0EI\/AAAAAAAAJNc\/-JhyHjz5d3YqbmjnBM2Ge7ZdCnhfpmSdACLcB\/s1600\/enem.jpg\" imageanchor=\"1\" style=\"margin-left: 1em; margin-right: 1em;\"><img loading=\"lazy\" decoding=\"async\" border=\"0\" height=\"225\" src=\"http:\/\/blogdoedvaldomagalhaes.com.br\/wp-content\/uploads\/2016\/11\/enem.jpg\" width=\"400\" \/><\/a><\/div>\n<div class=\"separator\" style=\"clear: both; text-align: center;\">\n<\/div>\n<div style=\"background-color: white; box-sizing: border-box; line-height: 26px; margin-bottom: 26px; text-align: justify;\">\nO procurador da Rep\u00fablica no Cear\u00e1, Oscar Costa Filho, ajuizou uma a\u00e7\u00e3o na 8\u00aa Vara da Justi\u00e7a Federal do estado pedindo a suspens\u00e3o das provas do Enem em todo o pa\u00eds, que est\u00e3o programados para ocorrer neste fim de semana. Segundo o Minist\u00e9rio P\u00fablico Federal no Cear\u00e1, a reda\u00e7\u00e3o \u00e9 o principal motivo para o impasse em dividir o Enem em duas provas, j\u00e1 que existiriam dois temas diferentes. Al\u00e9m disso, os estudantes que fariam a prova depois teriam mais tempo para se preparar.<\/div>\n<div style=\"background-color: white; box-sizing: border-box; line-height: 26px; margin-bottom: 26px; text-align: justify;\">\nOs exames est\u00e3o oficialmente agendados para este s\u00e1bado (5\/11) e domingo (6), por\u00e9m, devido a ocupa\u00e7\u00f5es em 304 escolas em todo o pa\u00eds, eles ser\u00e3o realizados em 3 e 4 de dezembro para para 191.494 estudantes.<\/div>\n<div style=\"background-color: white; box-sizing: border-box; line-height: 26px; margin-bottom: 26px;\">\n<\/div>\n<div style=\"text-align: justify;\">\n<strong style=\"box-sizing: border-box; font-family: Arial, Helvetica, sans-serif;\">Outras a\u00e7\u00f5es contra o Enem<\/strong><\/div>\n<div style=\"text-align: justify;\">\n<strong style=\"box-sizing: border-box; font-family: Arial, Helvetica, sans-serif;\"><br \/><\/strong><\/div>\n<p><\/p>\n<div style=\"text-align: justify;\">\nO mesmo procurador j\u00e1 havia pedido o cancelamento do Exame em 2011, quando houve vazamento de um pr\u00e9-teste com mais de 20 quest\u00f5es aplicadas na prova.<\/div>\n<p><\/p>\n<div style=\"background-color: white; box-sizing: border-box; line-height: 26px; margin-bottom: 26px; text-align: justify;\">\nEm 2012, Oscar Costa Filho pediu para cancelar os efeitos da nota de reda\u00e7\u00e3o do Enem no Sistema de Sele\u00e7\u00e3o Unificada (SiSU). Para o procurador \u201co desequil\u00edbrio matem\u00e1tico decorrente da associa\u00e7\u00e3o entre avalia\u00e7\u00f5es submetidas a tratamento estat\u00edstico (provas objetivas), e avalia\u00e7\u00f5es desprovidas dessa qualidade, as quais assumem valores absolutos (provas de reda\u00e7\u00e3o) frustra o dever de tratamento ison\u00f4mico que deve ser dispensado aos candidatos\u201d. O pedido foi negado pela Justi\u00e7a.<\/div>\n","protected":false},"excerpt":{"rendered":"<p>O procurador da Rep\u00fablica no Cear\u00e1, Oscar Costa Filho, ajuizou uma a\u00e7\u00e3o na 8\u00aa Vara da Justi\u00e7a Federal do estado&hellip;<\/p>\n","protected":false},"author":1,"featured_media":0,"comment_status":"open","ping_status":"open","sticky":false,"template":"","format":"standard","meta":{"footnotes":""},"categories":[1],"tags":[2,11375,6,11376,11377],"class_list":["post-7808","post","type-post","status-publish","format-standard","hentry","category-sem-categoria","tag-blog-do-edvaldo-magalhaes","tag-justica-federal","tag-noticias","tag-oscar-costa-filho","tag-procurador-no-ceara-pede-suspensao-das-provas-do-enem-em-todo-pais"],"_links":{"self":[{"href":"https:\/\/blogdoedvaldomagalhaes.com.br\/index.php\/wp-json\/wp\/v2\/posts\/7808","targetHints":{"allow":["GET"]}}],"collection":[{"href":"https:\/\/blogdoedvaldomagalhaes.com.br\/index.php\/wp-json\/wp\/v2\/posts"}],"about":[{"href":"https:\/\/blogdoedvaldomagalhaes.com.br\/index.php\/wp-json\/wp\/v2\/types\/post"}],"author":[{"embeddable":true,"href":"https:\/\/blogdoedvaldomagalhaes.com.br\/index.php\/wp-json\/wp\/v2\/users\/1"}],"replies":[{"embeddable":true,"href":"https:\/\/blogdoedvaldomagalhaes.com.br\/index.php\/wp-json\/wp\/v2\/comments?post=7808"}],"version-history":[{"count":1,"href":"https:\/\/blogdoedvaldomagalhaes.com.br\/index.php\/wp-json\/wp\/v2\/posts\/7808\/revisions"}],"predecessor-version":[{"id":13732,"href":"https:\/\/blogdoedvaldomagalhaes.com.br\/index.php\/wp-json\/wp\/v2\/posts\/7808\/revisions\/13732"}],"wp:attachment":[{"href":"https:\/\/blogdoedvaldomagalhaes.com.br\/index.php\/wp-json\/wp\/v2\/media?parent=7808"}],"wp:term":[{"taxonomy":"category","embeddable":true,"href":"https:\/\/blogdoedvaldomagalhaes.com.br\/index.php\/wp-json\/wp\/v2\/categories?post=7808"},{"taxonomy":"post_tag","embeddable":true,"href":"https:\/\/blogdoedvaldomagalhaes.com.br\/index.php\/wp-json\/wp\/v2\/tags?post=7808"}],"curies":[{"name":"wp","href":"https:\/\/api.w.org\/{rel}","templated":true}]}}