{"id":7805,"date":"2016-11-03T15:35:00","date_gmt":"2016-11-03T17:35:00","guid":{"rendered":"http:\/\/blogdoedvaldomagalhaes.com.br\/index.php\/2016\/11\/03\/exposicao-arte-caleidoscopia-pelo-lixo\/"},"modified":"2019-02-09T01:04:48","modified_gmt":"2019-02-09T03:04:48","slug":"exposicao-arte-caleidoscopia-pelo-lixo","status":"publish","type":"post","link":"https:\/\/blogdoedvaldomagalhaes.com.br\/index.php\/2016\/11\/03\/exposicao-arte-caleidoscopia-pelo-lixo\/","title":{"rendered":"Exposi\u00e7\u00e3o \u201cArte Caleidosc\u00f3pia pelo Lixo\u201d a partir desta sexta-feira em Caruaru"},"content":{"rendered":"<div class=\"separator\" style=\"clear: both; text-align: center;\">\n<a href=\"https:\/\/1.bp.blogspot.com\/-Xh9-YZWfQtw\/WBtZShi6hSI\/AAAAAAAAJNw\/qFOTwgiyREQTW9_Iw-AHbDMUHmJOFQLYwCLcB\/s1600\/arte.jpg\" imageanchor=\"1\" style=\"margin-left: 1em; margin-right: 1em;\"><img loading=\"lazy\" decoding=\"async\" border=\"0\" height=\"265\" src=\"http:\/\/blogdoedvaldomagalhaes.com.br\/wp-content\/uploads\/2016\/11\/arte.jpg\" width=\"400\" \/><\/a><\/div>\n<div style=\"list-style: none; text-align: justify;\">\n<\/div>\n<div style=\"list-style: none; text-align: justify;\">\nO Polo Caruaru recebe, a partir desta sexta-feira (04), a exposi\u00e7\u00e3o \u201cArte Caleidosc\u00f3pia pelo Lixo\u201d, que retrata o material recicl\u00e1vel como arte nas mais diversas formas. O artista pl\u00e1stico P\u00e9ricles Barretto, do ateli\u00ea 3 Artes, \u00e9 o autor das mais de 50 pe\u00e7as que ficar\u00e3o na Pra\u00e7a de Eventos.<\/div>\n<div style=\"list-style: none; text-align: justify;\">\n&nbsp;<\/div>\n<div style=\"list-style: none; text-align: justify;\">\nSer\u00e3o expostas telas, artefatos de decora\u00e7\u00e3o, pintura com borra de caf\u00e9, tudo com material recicl\u00e1vel, que iria para o lixo. A maioria das pe\u00e7as utiliza papel\u00e3o como principal mat\u00e9ria prima. O objetivo, de acordo com o artista, \u00e9 valorizar a cultura e a arte utilizando tamb\u00e9m materiais que seriam descartados.<\/div>\n<div style=\"list-style: none; text-align: justify;\">\n&nbsp;<\/div>\n<div style=\"list-style: none; text-align: justify;\">\nA exposi\u00e7\u00e3o segue at\u00e9 o dia 27 de novembro e \u00e9 aberta ao p\u00fablico no hor\u00e1rio de funcionamento do Polo Caruaru, das 9h \u00e0s 18h. A visita\u00e7\u00e3o \u00e9 gratuita e alguns itens estar\u00e3o \u00e0 venda no local.&nbsp;<\/div>\n","protected":false},"excerpt":{"rendered":"<p>O Polo Caruaru recebe, a partir desta sexta-feira (04), a exposi\u00e7\u00e3o \u201cArte Caleidosc\u00f3pia pelo Lixo\u201d, que retrata o material recicl\u00e1vel&hellip;<\/p>\n","protected":false},"author":1,"featured_media":0,"comment_status":"open","ping_status":"open","sticky":false,"template":"","format":"standard","meta":{"footnotes":""},"categories":[1],"tags":[2,11372,6,6795,1518],"class_list":["post-7805","post","type-post","status-publish","format-standard","hentry","category-sem-categoria","tag-blog-do-edvaldo-magalhaes","tag-exposicao-arte-caleidoscopia-pelo-lixo-a-partir-desta-sexta-feira-em-caruaru","tag-noticias","tag-pericles-barretto","tag-polo-caruaru"],"_links":{"self":[{"href":"https:\/\/blogdoedvaldomagalhaes.com.br\/index.php\/wp-json\/wp\/v2\/posts\/7805","targetHints":{"allow":["GET"]}}],"collection":[{"href":"https:\/\/blogdoedvaldomagalhaes.com.br\/index.php\/wp-json\/wp\/v2\/posts"}],"about":[{"href":"https:\/\/blogdoedvaldomagalhaes.com.br\/index.php\/wp-json\/wp\/v2\/types\/post"}],"author":[{"embeddable":true,"href":"https:\/\/blogdoedvaldomagalhaes.com.br\/index.php\/wp-json\/wp\/v2\/users\/1"}],"replies":[{"embeddable":true,"href":"https:\/\/blogdoedvaldomagalhaes.com.br\/index.php\/wp-json\/wp\/v2\/comments?post=7805"}],"version-history":[{"count":1,"href":"https:\/\/blogdoedvaldomagalhaes.com.br\/index.php\/wp-json\/wp\/v2\/posts\/7805\/revisions"}],"predecessor-version":[{"id":13736,"href":"https:\/\/blogdoedvaldomagalhaes.com.br\/index.php\/wp-json\/wp\/v2\/posts\/7805\/revisions\/13736"}],"wp:attachment":[{"href":"https:\/\/blogdoedvaldomagalhaes.com.br\/index.php\/wp-json\/wp\/v2\/media?parent=7805"}],"wp:term":[{"taxonomy":"category","embeddable":true,"href":"https:\/\/blogdoedvaldomagalhaes.com.br\/index.php\/wp-json\/wp\/v2\/categories?post=7805"},{"taxonomy":"post_tag","embeddable":true,"href":"https:\/\/blogdoedvaldomagalhaes.com.br\/index.php\/wp-json\/wp\/v2\/tags?post=7805"}],"curies":[{"name":"wp","href":"https:\/\/api.w.org\/{rel}","templated":true}]}}