{"id":7762,"date":"2016-11-08T09:59:00","date_gmt":"2016-11-08T11:59:00","guid":{"rendered":"http:\/\/blogdoedvaldomagalhaes.com.br\/index.php\/2016\/11\/08\/receita-federal-libera-6-lote-do-ir\/"},"modified":"2019-02-09T01:05:20","modified_gmt":"2019-02-09T03:05:20","slug":"receita-federal-libera-6-lote-do-ir","status":"publish","type":"post","link":"https:\/\/blogdoedvaldomagalhaes.com.br\/index.php\/2016\/11\/08\/receita-federal-libera-6-lote-do-ir\/","title":{"rendered":"Receita Federal libera 6\u00ba lote do IR nesta ter\u00e7a (08)"},"content":{"rendered":"<div class=\"separator\" style=\"clear: both; text-align: center;\">\n<a href=\"https:\/\/2.bp.blogspot.com\/-te3GsR37dss\/WCGlik5mzjI\/AAAAAAAAJds\/KNQsccH8juQcUZipnXhPrGev9Bp5w4SsgCLcB\/s1600\/restitui%25C3%25A7%25C3%25A3o.jpg\" imageanchor=\"1\" style=\"margin-left: 1em; margin-right: 1em;\"><img loading=\"lazy\" decoding=\"async\" border=\"0\" height=\"217\" src=\"http:\/\/blogdoedvaldomagalhaes.com.br\/wp-content\/uploads\/2016\/11\/restituiC3A7C3A3o.jpg\" width=\"400\" \/><\/a><\/div>\n<p><\/p>\n<div style=\"text-align: justify;\">\nNesta ter\u00e7a-feira (08), a partir das 09h, a Receita Federal libera a consulta o sexto lote de restitui\u00e7\u00e3o do IRPF 2016, que contempla 2.207.477 contribuintes no Brasil, totalizando mais de R$ 2,6 bilh\u00f5es. Em Pernambuco, ser\u00e3o contemplados 55.401 contribuintes, totalizando R$ 71.954.132,95.<\/div>\n<p><\/p>\n<div style=\"text-align: justify;\">\n<\/div>\n<div style=\"text-align: justify;\">\nO lote multiexerc\u00edcio de restitui\u00e7\u00e3o do Imposto sobre a Renda da Pessoa F\u00edsica contempla tamb\u00e9m restitui\u00e7\u00f5es dos exerc\u00edcios de 2008 a 2015, e o cr\u00e9dito banc\u00e1rio ser\u00e1 realizado no dia 16 de novembro.<\/div>\n<div style=\"text-align: justify;\">\n<\/div>\n<div style=\"text-align: justify;\">\nPara saber se teve a declara\u00e7\u00e3o liberada, o contribuinte dever\u00e1 acessar a p\u00e1gina da Receita na Internet ou ligar para o Receitafone 146. Na consulta \u00e0 p\u00e1gina da Receita, servi\u00e7o e-CAC, \u00e9 poss\u00edvel acessar o extrato da declara\u00e7\u00e3o e ver se h\u00e1 inconsist\u00eancias de dados identificadas pelo processamento. Nesta hip\u00f3tese, o contribuinte pode avaliar as inconsist\u00eancias e fazer a autorregulariza\u00e7\u00e3o, mediante entrega de declara\u00e7\u00e3o retificadora.<\/div>\n<div style=\"text-align: justify;\">\n<\/div>\n<div style=\"text-align: justify;\">\nA restitui\u00e7\u00e3o ficar\u00e1 dispon\u00edvel no banco durante um ano. Se o contribuinte n\u00e3o fizer o resgate nesse prazo, dever\u00e1 requer\u00ea-la por meio da Internet, mediante o Formul\u00e1rio Eletr\u00f4nico \u2013 Pedido de Pagamento de Restitui\u00e7\u00e3o, ou diretamente no e-CAC, no servi\u00e7o Extrato do Processamento da DIRPF.<\/div>\n","protected":false},"excerpt":{"rendered":"<p>Nesta ter\u00e7a-feira (08), a partir das 09h, a Receita Federal libera a consulta o sexto lote de restitui\u00e7\u00e3o do IRPF&hellip;<\/p>\n","protected":false},"author":1,"featured_media":0,"comment_status":"open","ping_status":"open","sticky":false,"template":"","format":"standard","meta":{"footnotes":""},"categories":[1],"tags":[2,11273,6,10616,11274,11275],"class_list":["post-7762","post","type-post","status-publish","format-standard","hentry","category-sem-categoria","tag-blog-do-edvaldo-magalhaes","tag-dirpf","tag-noticias","tag-pernambuco","tag-receita-federal-libera-6o-lote-do-ir-nesta-terca-08","tag-receitafone"],"_links":{"self":[{"href":"https:\/\/blogdoedvaldomagalhaes.com.br\/index.php\/wp-json\/wp\/v2\/posts\/7762","targetHints":{"allow":["GET"]}}],"collection":[{"href":"https:\/\/blogdoedvaldomagalhaes.com.br\/index.php\/wp-json\/wp\/v2\/posts"}],"about":[{"href":"https:\/\/blogdoedvaldomagalhaes.com.br\/index.php\/wp-json\/wp\/v2\/types\/post"}],"author":[{"embeddable":true,"href":"https:\/\/blogdoedvaldomagalhaes.com.br\/index.php\/wp-json\/wp\/v2\/users\/1"}],"replies":[{"embeddable":true,"href":"https:\/\/blogdoedvaldomagalhaes.com.br\/index.php\/wp-json\/wp\/v2\/comments?post=7762"}],"version-history":[{"count":1,"href":"https:\/\/blogdoedvaldomagalhaes.com.br\/index.php\/wp-json\/wp\/v2\/posts\/7762\/revisions"}],"predecessor-version":[{"id":13878,"href":"https:\/\/blogdoedvaldomagalhaes.com.br\/index.php\/wp-json\/wp\/v2\/posts\/7762\/revisions\/13878"}],"wp:attachment":[{"href":"https:\/\/blogdoedvaldomagalhaes.com.br\/index.php\/wp-json\/wp\/v2\/media?parent=7762"}],"wp:term":[{"taxonomy":"category","embeddable":true,"href":"https:\/\/blogdoedvaldomagalhaes.com.br\/index.php\/wp-json\/wp\/v2\/categories?post=7762"},{"taxonomy":"post_tag","embeddable":true,"href":"https:\/\/blogdoedvaldomagalhaes.com.br\/index.php\/wp-json\/wp\/v2\/tags?post=7762"}],"curies":[{"name":"wp","href":"https:\/\/api.w.org\/{rel}","templated":true}]}}