{"id":7761,"date":"2016-11-08T10:04:00","date_gmt":"2016-11-08T12:04:00","guid":{"rendered":"http:\/\/blogdoedvaldomagalhaes.com.br\/index.php\/2016\/11\/08\/quadrilhas-que-atacam-bancos-na-mira-da\/"},"modified":"2019-02-09T01:05:20","modified_gmt":"2019-02-09T03:05:20","slug":"quadrilhas-que-atacam-bancos-na-mira-da","status":"publish","type":"post","link":"https:\/\/blogdoedvaldomagalhaes.com.br\/index.php\/2016\/11\/08\/quadrilhas-que-atacam-bancos-na-mira-da\/","title":{"rendered":"Quadrilhas que atacam bancos na mira da pol\u00edcia em Pernambuco"},"content":{"rendered":"<div style=\"list-style: none; text-align: justify;\">\n<div class=\"separator\" style=\"clear: both; text-align: center;\">\n<a href=\"https:\/\/4.bp.blogspot.com\/-tH05cj9Bz-M\/WCGlPbzHCgI\/AAAAAAAAJdk\/3Fk8tu8O1AQPziHxzvXfIvux4Yep_0TIgCLcB\/s1600\/foto.jpg\" imageanchor=\"1\" style=\"margin-left: 1em; margin-right: 1em;\"><img loading=\"lazy\" decoding=\"async\" border=\"0\" height=\"295\" src=\"http:\/\/blogdoedvaldomagalhaes.com.br\/wp-content\/uploads\/2016\/11\/foto-3.jpg\" width=\"400\" \/><\/a><\/div>\n<div class=\"separator\" style=\"clear: both; text-align: center;\">\nFoto ilustrativa<\/div>\n<p>\nCom o objetivo de conter a a\u00e7\u00e3o de quadrilhas que atacam ag\u00eancias banc\u00e1rias, uma For\u00e7a Tarefa ser\u00e1 intensificada no Agreste.&nbsp;Os delegados Bruno Vital e Ariosto Esteves, o comandante do 4\u00ba Batalh\u00e3o da Pol\u00edcia Militar, tenente-coronel Roberto Galindo, e o coordenador do Disque-Den\u00fancia Agreste, Alexandre C\u00e9sar, explicaram as a\u00e7\u00f5es direcionadas para combater os crimes em uma coletiva de imprensa na manh\u00e3 desta ter\u00e7a-feira (08).<\/p>\n<\/div>\n<div style=\"list-style: none; text-align: justify;\">\n<\/div>\n<div style=\"list-style: none; text-align: justify;\">\nPela primeira vez Pernambuco passa a ter equipes para o combate ao crime organizado no interior do Estado. Duas equipes v\u00e3o atuar no Agreste e duas no Sert\u00e3o.&nbsp;<\/div>\n","protected":false},"excerpt":{"rendered":"<p>Foto ilustrativa Com o objetivo de conter a a\u00e7\u00e3o de quadrilhas que atacam ag\u00eancias banc\u00e1rias, uma For\u00e7a Tarefa ser\u00e1 intensificada&hellip;<\/p>\n","protected":false},"author":1,"featured_media":0,"comment_status":"open","ping_status":"open","sticky":false,"template":"","format":"standard","meta":{"footnotes":""},"categories":[1],"tags":[11248,2,8360,11270,11271,13,11272,9983],"class_list":["post-7761","post","type-post","status-publish","format-standard","hentry","category-sem-categoria","tag-ariosto-esteves","tag-blog-do-edvaldo-magalhaes","tag-bruno-vital","tag-delegacia-seccional-de-caruaru","tag-disque-denuncia","tag-policial","tag-quadrilhas-que-atacam-bancos-na-mira-da-policia-em-pernambuco","tag-roberto-galindo"],"_links":{"self":[{"href":"https:\/\/blogdoedvaldomagalhaes.com.br\/index.php\/wp-json\/wp\/v2\/posts\/7761","targetHints":{"allow":["GET"]}}],"collection":[{"href":"https:\/\/blogdoedvaldomagalhaes.com.br\/index.php\/wp-json\/wp\/v2\/posts"}],"about":[{"href":"https:\/\/blogdoedvaldomagalhaes.com.br\/index.php\/wp-json\/wp\/v2\/types\/post"}],"author":[{"embeddable":true,"href":"https:\/\/blogdoedvaldomagalhaes.com.br\/index.php\/wp-json\/wp\/v2\/users\/1"}],"replies":[{"embeddable":true,"href":"https:\/\/blogdoedvaldomagalhaes.com.br\/index.php\/wp-json\/wp\/v2\/comments?post=7761"}],"version-history":[{"count":1,"href":"https:\/\/blogdoedvaldomagalhaes.com.br\/index.php\/wp-json\/wp\/v2\/posts\/7761\/revisions"}],"predecessor-version":[{"id":13880,"href":"https:\/\/blogdoedvaldomagalhaes.com.br\/index.php\/wp-json\/wp\/v2\/posts\/7761\/revisions\/13880"}],"wp:attachment":[{"href":"https:\/\/blogdoedvaldomagalhaes.com.br\/index.php\/wp-json\/wp\/v2\/media?parent=7761"}],"wp:term":[{"taxonomy":"category","embeddable":true,"href":"https:\/\/blogdoedvaldomagalhaes.com.br\/index.php\/wp-json\/wp\/v2\/categories?post=7761"},{"taxonomy":"post_tag","embeddable":true,"href":"https:\/\/blogdoedvaldomagalhaes.com.br\/index.php\/wp-json\/wp\/v2\/tags?post=7761"}],"curies":[{"name":"wp","href":"https:\/\/api.w.org\/{rel}","templated":true}]}}