{"id":7760,"date":"2016-11-08T10:06:00","date_gmt":"2016-11-08T12:06:00","guid":{"rendered":"http:\/\/blogdoedvaldomagalhaes.com.br\/index.php\/2016\/11\/08\/radio-liberdade-conquista-11-premio-top\/"},"modified":"2019-02-09T01:05:20","modified_gmt":"2019-02-09T03:05:20","slug":"radio-liberdade-conquista-11-premio-top","status":"publish","type":"post","link":"https:\/\/blogdoedvaldomagalhaes.com.br\/index.php\/2016\/11\/08\/radio-liberdade-conquista-11-premio-top\/","title":{"rendered":"R\u00e1dio Liberdade conquista 11\u00ba Pr\u00eamio Top Marcas"},"content":{"rendered":"<div style=\"list-style: none; text-align: justify;\">\n<div class=\"separator\" style=\"clear: both; text-align: center;\">\n<a href=\"https:\/\/3.bp.blogspot.com\/-OCUDiuHnXO8\/WCGjyhOsjGI\/AAAAAAAAJdc\/NFIPTvAN1iklM-tXooIGprXVj90xoZ1SwCLcB\/s1600\/top.jpg\" imageanchor=\"1\" style=\"margin-left: 1em; margin-right: 1em;\"><img loading=\"lazy\" decoding=\"async\" border=\"0\" height=\"246\" src=\"http:\/\/blogdoedvaldomagalhaes.com.br\/wp-content\/uploads\/2016\/11\/top.jpg\" width=\"400\" \/><\/a><\/div>\n<div class=\"separator\" style=\"clear: both; text-align: center;\">\n(Arte: Juliana Siqueira\/R\u00e1dio Liberdade)<\/div>\n<p>\nPela 11\u00aa vez consecutiva, a R\u00e1dio Liberdade conquistou o Pr\u00eamio Top Marcas, do Jornal Vanguarda. A premia\u00e7\u00e3o ocorrer\u00e1 na noite do dia 29 de novembro, no Centro de Conven\u00e7\u00f5es.<\/div>\n<div style=\"list-style: none; text-align: justify;\">\n<\/div>\n<div style=\"list-style: none; text-align: justify;\">\nO Top Marcas elege anualmente as marcas mais lembradas pelos caruaruenses. O levantamento foi realizado pela JM Consultoria e Pesquisa.<\/div>\n<div style=\"list-style: none; text-align: justify;\">\n<\/div>\n<div style=\"list-style: none; text-align: justify;\">\nO diretor executivo do Sistema de Comunica\u00e7\u00e3o Liberdade, Ivan Feitosa, divide a alegria com os ouvintes e colaboradores, que fazem da Liberdade a emissora de r\u00e1dio mais querida de Caruaru e regi\u00e3o.<\/div>\n","protected":false},"excerpt":{"rendered":"<p>(Arte: Juliana Siqueira\/R\u00e1dio Liberdade) Pela 11\u00aa vez consecutiva, a R\u00e1dio Liberdade conquistou o Pr\u00eamio Top Marcas, do Jornal Vanguarda. A&hellip;<\/p>\n","protected":false},"author":1,"featured_media":0,"comment_status":"open","ping_status":"open","sticky":false,"template":"","format":"standard","meta":{"footnotes":""},"categories":[1],"tags":[2,4307,10730,10731,6,11269],"class_list":["post-7760","post","type-post","status-publish","format-standard","hentry","category-sem-categoria","tag-blog-do-edvaldo-magalhaes","tag-ivan-feitosa","tag-jm-consultoria-e-pesquisa","tag-jornal-vanguarda","tag-noticias","tag-radio-liberdade-conquista-11o-premio-top-marcas"],"_links":{"self":[{"href":"https:\/\/blogdoedvaldomagalhaes.com.br\/index.php\/wp-json\/wp\/v2\/posts\/7760","targetHints":{"allow":["GET"]}}],"collection":[{"href":"https:\/\/blogdoedvaldomagalhaes.com.br\/index.php\/wp-json\/wp\/v2\/posts"}],"about":[{"href":"https:\/\/blogdoedvaldomagalhaes.com.br\/index.php\/wp-json\/wp\/v2\/types\/post"}],"author":[{"embeddable":true,"href":"https:\/\/blogdoedvaldomagalhaes.com.br\/index.php\/wp-json\/wp\/v2\/users\/1"}],"replies":[{"embeddable":true,"href":"https:\/\/blogdoedvaldomagalhaes.com.br\/index.php\/wp-json\/wp\/v2\/comments?post=7760"}],"version-history":[{"count":1,"href":"https:\/\/blogdoedvaldomagalhaes.com.br\/index.php\/wp-json\/wp\/v2\/posts\/7760\/revisions"}],"predecessor-version":[{"id":13882,"href":"https:\/\/blogdoedvaldomagalhaes.com.br\/index.php\/wp-json\/wp\/v2\/posts\/7760\/revisions\/13882"}],"wp:attachment":[{"href":"https:\/\/blogdoedvaldomagalhaes.com.br\/index.php\/wp-json\/wp\/v2\/media?parent=7760"}],"wp:term":[{"taxonomy":"category","embeddable":true,"href":"https:\/\/blogdoedvaldomagalhaes.com.br\/index.php\/wp-json\/wp\/v2\/categories?post=7760"},{"taxonomy":"post_tag","embeddable":true,"href":"https:\/\/blogdoedvaldomagalhaes.com.br\/index.php\/wp-json\/wp\/v2\/tags?post=7760"}],"curies":[{"name":"wp","href":"https:\/\/api.w.org\/{rel}","templated":true}]}}