{"id":776,"date":"2018-11-08T12:11:00","date_gmt":"2018-11-08T14:11:00","guid":{"rendered":"http:\/\/blogdoedvaldomagalhaes.com.br\/index.php\/2018\/11\/08\/mestre-severino-vitalino-passa-por\/"},"modified":"2019-02-09T02:38:39","modified_gmt":"2019-02-09T04:38:39","slug":"mestre-severino-vitalino-passa-por","status":"publish","type":"post","link":"https:\/\/blogdoedvaldomagalhaes.com.br\/index.php\/2018\/11\/08\/mestre-severino-vitalino-passa-por\/","title":{"rendered":"Mestre Severino Vitalino passa por cirurgia de &#8220;Ponte de Safena &#8221; no HMV"},"content":{"rendered":"<div class=\"separator\" style=\"clear: both; text-align: center;\">\n<a href=\"https:\/\/1.bp.blogspot.com\/-yZliVfzRm5w\/W-Qnk1Zr6lI\/AAAAAAAA9F4\/sJtsdf2GLCw5fm-cEeqJMJuUeChEoPrIACLcBGAs\/s1600\/IMG-20181105-WA0089.jpg\" imageanchor=\"1\" style=\"margin-left: 1em; margin-right: 1em;\"><img loading=\"lazy\" decoding=\"async\" border=\"0\" data-original-height=\"1158\" data-original-width=\"869\" height=\"640\" src=\"http:\/\/blogdoedvaldomagalhaes.com.br\/wp-content\/uploads\/2018\/11\/IMG-20181105-WA0089-1.jpg\" width=\"480\" \/><\/a><\/div>\n<p><\/p>\n<div style=\"text-align: justify;\">\n<br \/>\nBOLETIM &#8211; Paciente Severino Vitalino<\/p>\n<p>\nA cirurgia do paciente Severino Pereira da Silva (Severino Vitalino) foi finalizada h\u00e1 pouco e transcorreu normalmente. Ele seguiu entubado e com seda\u00e7\u00e3o para a UTI Coronariana, procedimento padr\u00e3o. A equipe est\u00e1 de prontid\u00e3o para acompanhar a evolu\u00e7\u00e3o do paciente nas pr\u00f3ximas 48h.<\/p>\n<\/div>\n<div style=\"text-align: justify;\">\n<div class=\"separator\" style=\"clear: both; text-align: center;\">\n<a href=\"https:\/\/3.bp.blogspot.com\/-yNm-UcoJRv8\/W-Qr-fwNFvI\/AAAAAAAA9GU\/ttygcsZchrohFuMtwObxv0dFe_QIBv-JwCLcBGAs\/s1600\/IMG-20181108-WA0044.jpg\" imageanchor=\"1\" style=\"margin-left: 1em; margin-right: 1em;\"><img loading=\"lazy\" decoding=\"async\" border=\"0\" data-original-height=\"852\" data-original-width=\"1280\" height=\"426\" src=\"http:\/\/blogdoedvaldomagalhaes.com.br\/wp-content\/uploads\/2018\/11\/IMG-20181108-WA0044.jpg\" width=\"640\" \/><\/a><\/div>\n<p><\/div>\n<div style=\"text-align: justify;\">\n<b>CIRURGIA &#8211;<\/b> A revasculariza\u00e7\u00e3o do mioc\u00e1rdio, conhecida popularmente como &#8220;ponde de safena&#8221;, \u00e9 um procedimento que visa aumentar o fluxo sangu\u00edneo em locais do m\u00fasculo card\u00edaco (mioc\u00e1rdio) afetados pelo estreitamento ou &#8220;entupimento&#8221; das art\u00e9rias coron\u00e1rias, que s\u00e3o respons\u00e1veis pela irriga\u00e7\u00e3o sangu\u00ednea do mioc\u00e1rdio.<\/div>\n","protected":false},"excerpt":{"rendered":"<p>BOLETIM &#8211; Paciente Severino Vitalino A cirurgia do paciente Severino Pereira da Silva (Severino Vitalino) foi finalizada h\u00e1 pouco e&hellip;<\/p>\n","protected":false},"author":1,"featured_media":0,"comment_status":"open","ping_status":"open","sticky":false,"template":"","format":"standard","meta":{"footnotes":""},"categories":[1],"tags":[2,719,6],"class_list":["post-776","post","type-post","status-publish","format-standard","hentry","category-sem-categoria","tag-blog-do-edvaldo-magalhaes","tag-mestre-severino-vitalino-passa-por-cirurgia-de-ponte-de-safena-no-hmv","tag-noticias"],"_links":{"self":[{"href":"https:\/\/blogdoedvaldomagalhaes.com.br\/index.php\/wp-json\/wp\/v2\/posts\/776","targetHints":{"allow":["GET"]}}],"collection":[{"href":"https:\/\/blogdoedvaldomagalhaes.com.br\/index.php\/wp-json\/wp\/v2\/posts"}],"about":[{"href":"https:\/\/blogdoedvaldomagalhaes.com.br\/index.php\/wp-json\/wp\/v2\/types\/post"}],"author":[{"embeddable":true,"href":"https:\/\/blogdoedvaldomagalhaes.com.br\/index.php\/wp-json\/wp\/v2\/users\/1"}],"replies":[{"embeddable":true,"href":"https:\/\/blogdoedvaldomagalhaes.com.br\/index.php\/wp-json\/wp\/v2\/comments?post=776"}],"version-history":[{"count":1,"href":"https:\/\/blogdoedvaldomagalhaes.com.br\/index.php\/wp-json\/wp\/v2\/posts\/776\/revisions"}],"predecessor-version":[{"id":35609,"href":"https:\/\/blogdoedvaldomagalhaes.com.br\/index.php\/wp-json\/wp\/v2\/posts\/776\/revisions\/35609"}],"wp:attachment":[{"href":"https:\/\/blogdoedvaldomagalhaes.com.br\/index.php\/wp-json\/wp\/v2\/media?parent=776"}],"wp:term":[{"taxonomy":"category","embeddable":true,"href":"https:\/\/blogdoedvaldomagalhaes.com.br\/index.php\/wp-json\/wp\/v2\/categories?post=776"},{"taxonomy":"post_tag","embeddable":true,"href":"https:\/\/blogdoedvaldomagalhaes.com.br\/index.php\/wp-json\/wp\/v2\/tags?post=776"}],"curies":[{"name":"wp","href":"https:\/\/api.w.org\/{rel}","templated":true}]}}