{"id":7759,"date":"2016-11-08T10:10:00","date_gmt":"2016-11-08T12:10:00","guid":{"rendered":"http:\/\/blogdoedvaldomagalhaes.com.br\/index.php\/2016\/11\/08\/cantores-maciel-melo-e-irah-caldeira\/"},"modified":"2019-02-09T01:05:20","modified_gmt":"2019-02-09T03:05:20","slug":"cantores-maciel-melo-e-irah-caldeira","status":"publish","type":"post","link":"https:\/\/blogdoedvaldomagalhaes.com.br\/index.php\/2016\/11\/08\/cantores-maciel-melo-e-irah-caldeira\/","title":{"rendered":"Maciel Melo e Irah Caldeira cobram pagamento de cach\u00eas ao governo"},"content":{"rendered":"<div class=\"separator\" style=\"clear: both; text-align: center;\">\n<a href=\"https:\/\/1.bp.blogspot.com\/-a0e896ve0KQ\/WCGkloPZjpI\/AAAAAAAAJdg\/8k6ZXo_yWpsI4-a3PoIuAv0D2t8rVMOgwCLcB\/s1600\/paulo.jpg\" imageanchor=\"1\" style=\"margin-left: 1em; margin-right: 1em;\"><img loading=\"lazy\" decoding=\"async\" border=\"0\" height=\"222\" src=\"http:\/\/blogdoedvaldomagalhaes.com.br\/wp-content\/uploads\/2016\/11\/paulo.jpg\" width=\"400\" \/><\/a><\/div>\n<div style=\"background: 0px 0px rgb(250, 250, 250); border: 0px; line-height: 22px; list-style: none; margin: 0px 0px 15px; outline: 0px; padding: 0px 15px; text-align: justify; vertical-align: baseline;\">\n<\/div>\n<div style=\"background: 0px 0px rgb(250, 250, 250); border: 0px; line-height: 22px; list-style: none; margin: 0px 0px 15px; outline: 0px; padding: 0px 15px; text-align: justify; vertical-align: baseline;\">\nDepois de a forrozeira Irah Caldeira usar a sua conta no Facebook para cobrar o pagamento de cach\u00eas em atraso do Governo do Estado, por shows feitos durante as festas de S\u00e3o Jo\u00e3o, agora foi a vez de Maciel Melo engrossar o coro. O artista, que era muito ligado ao ex-governador Eduardo Campos, disparou nesta segunda-feira (7), na mesma rede social, cr\u00edticas diretas ao governador Paulo C\u00e2mara e \u00e0 pol\u00edtica cultural do Estado. \u201c\u00c9 vergonhoso isso, governador\u201d, disparou Maciel.<\/div>\n<div style=\"background: 0px 0px rgb(250, 250, 250); border: 0px; line-height: 22px; list-style: none; margin: 0px 0px 15px; outline: 0px; padding: 0px 15px; text-align: justify; vertical-align: baseline;\">\n\u201c\u00c9 humilhante para qualquer artista ter que mendigar a um e a outro para agilizar o pagamento do seu trabalho, como se estivesse prestando um favor\u201d, disse o forrozeiro, que ainda fez um apelo para que os amigos artistas se unam por mudan\u00e7as na pol\u00edtica cultural de Pernambuco. &#8220;As elei\u00e7\u00f5es acabaram, est\u00e3o todos satisfeitos, agora vamos ver se v\u00e3o colocar em pr\u00e1tica o programa de governo bradado nos palanques&#8221;, criticou. Veja abaixo o que ele disse na \u00edntegra.<\/div>\n","protected":false},"excerpt":{"rendered":"<p>Depois de a forrozeira Irah Caldeira usar a sua conta no Facebook para cobrar o pagamento de cach\u00eas em atraso&hellip;<\/p>\n","protected":false},"author":1,"featured_media":0,"comment_status":"open","ping_status":"open","sticky":false,"template":"","format":"standard","meta":{"footnotes":""},"categories":[1],"tags":[2,11268,6658,6,6758],"class_list":["post-7759","post","type-post","status-publish","format-standard","hentry","category-sem-categoria","tag-blog-do-edvaldo-magalhaes","tag-cantores-maciel-melo-e-irah-caldeira-cobram-pagamento-de-caches-ao-governo","tag-eduardo-campos","tag-noticias","tag-sao-joao"],"_links":{"self":[{"href":"https:\/\/blogdoedvaldomagalhaes.com.br\/index.php\/wp-json\/wp\/v2\/posts\/7759","targetHints":{"allow":["GET"]}}],"collection":[{"href":"https:\/\/blogdoedvaldomagalhaes.com.br\/index.php\/wp-json\/wp\/v2\/posts"}],"about":[{"href":"https:\/\/blogdoedvaldomagalhaes.com.br\/index.php\/wp-json\/wp\/v2\/types\/post"}],"author":[{"embeddable":true,"href":"https:\/\/blogdoedvaldomagalhaes.com.br\/index.php\/wp-json\/wp\/v2\/users\/1"}],"replies":[{"embeddable":true,"href":"https:\/\/blogdoedvaldomagalhaes.com.br\/index.php\/wp-json\/wp\/v2\/comments?post=7759"}],"version-history":[{"count":1,"href":"https:\/\/blogdoedvaldomagalhaes.com.br\/index.php\/wp-json\/wp\/v2\/posts\/7759\/revisions"}],"predecessor-version":[{"id":13884,"href":"https:\/\/blogdoedvaldomagalhaes.com.br\/index.php\/wp-json\/wp\/v2\/posts\/7759\/revisions\/13884"}],"wp:attachment":[{"href":"https:\/\/blogdoedvaldomagalhaes.com.br\/index.php\/wp-json\/wp\/v2\/media?parent=7759"}],"wp:term":[{"taxonomy":"category","embeddable":true,"href":"https:\/\/blogdoedvaldomagalhaes.com.br\/index.php\/wp-json\/wp\/v2\/categories?post=7759"},{"taxonomy":"post_tag","embeddable":true,"href":"https:\/\/blogdoedvaldomagalhaes.com.br\/index.php\/wp-json\/wp\/v2\/tags?post=7759"}],"curies":[{"name":"wp","href":"https:\/\/api.w.org\/{rel}","templated":true}]}}