{"id":77511,"date":"2021-11-17T21:21:27","date_gmt":"2021-11-18T00:21:27","guid":{"rendered":"https:\/\/blogdoedvaldomagalhaes.com.br\/?p=77511"},"modified":"2021-11-17T21:21:28","modified_gmt":"2021-11-18T00:21:28","slug":"covid-19-pernambuco-amplia-publico-para-dose-de-reforco","status":"publish","type":"post","link":"https:\/\/blogdoedvaldomagalhaes.com.br\/index.php\/2021\/11\/17\/covid-19-pernambuco-amplia-publico-para-dose-de-reforco\/","title":{"rendered":"Covid-19: Pernambuco amplia p\u00fablico para dose de refor\u00e7o"},"content":{"rendered":"<p style=\"text-align: justify;\">Os munic\u00edpios pernambucanos j\u00e1 est\u00e3o autorizados a iniciar a aplica\u00e7\u00e3o da dose de refor\u00e7o (3\u00aa dose) contra a Covid-19 no p\u00fablico de 18 a 54 anos. Essa popula\u00e7\u00e3o poder\u00e1 receber a imuniza\u00e7\u00e3o de refor\u00e7o 5 meses ap\u00f3s a finaliza\u00e7\u00e3o do esquema vacinal com duas doses. A medida foi analisada e recomendada pelos representantes do Comit\u00ea T\u00e9cnico Estadual para Acompanhamento da Vacina\u00e7\u00e3o e pactuada com os gestores municipais em reuni\u00e3o da Comiss\u00e3o Intergestores Bipartite (CIB), realizada na manh\u00e3 desta quarta-feira (17\/11). Ainda por decis\u00e3o da Comiss\u00e3o, o intervalo de 4 meses, pactuado anteriormente, permanecer\u00e1 para os trabalhadores de sa\u00fade e pessoas acima dos 55 anos. Tamb\u00e9m n\u00e3o h\u00e1 modifica\u00e7\u00e3o para as pessoas com alto grau de imunossupress\u00e3o, que ser\u00e1 mantido em 28 dias ap\u00f3s a \u00faltima dose do esquema b\u00e1sico.<\/p>\n<p style=\"text-align: justify;\">Al\u00e9m disso, a partir de agora, as pessoas que receberam o imunizante da Janssen precisam tomar uma segunda dose como parte do esquema prim\u00e1rio de prote\u00e7\u00e3o. A medida foi anunciada na \u00faltima ter\u00e7a-feira (16\/11) pelo Minist\u00e9rio da Sa\u00fade, que que ir\u00e1 encaminhar aos Estados, ainda essa semana, \u00a0novos quantitativos de doses da Janssen para que os munic\u00edpios iniciem as aplica\u00e7\u00f5es de segunda dose.<\/p>\n<p style=\"text-align: justify;\">\u201cN\u00f3s vamos garantir a segunda dose de Janssen para quem tomou a primeira. S\u00e3o 173 mil pernambucanos que, ap\u00f3s 60 dias, com essa nova defini\u00e7\u00e3o, precisam tomar a segunda dose. Nossa expectativa \u00e9 de distribuir para os munic\u00edpios, neste final de semana, as doses necess\u00e1rias para fazer essa segunda dose\u201d, afirmou o secret\u00e1rio estadual de Sa\u00fade, Andr\u00e9 Longo.<\/p>\n<p style=\"text-align: justify;\">As pessoas que possuem o esquema completo heter\u00f3logo (dose de Janssen somado \u00e0 dose de refor\u00e7o) devem procurar os pontos de vacina\u00e7\u00e3o a partir dos 5 meses desta \u00faltima dose para recebimento de nova dose de imunobiol\u00f3gico (refor\u00e7o), que ser\u00e1 da Pfizer. Com as novas recomenda\u00e7\u00f5es, a segunda dose da Janssen ser\u00e1 aplicada com intervalo m\u00ednimo de oito semanas (2 meses) ap\u00f3s a primeira.<\/p>\n<p style=\"text-align: justify;\">Para o p\u00fablico em geral, acima de 18 anos, a orienta\u00e7\u00e3o do Minist\u00e9rio da Sa\u00fade para aplica\u00e7\u00e3o de dose adicional \u00e9 que esta seja realizada, preferencialmente, com a Pfizer ou, de maneira alternativa, Janssen ou Astrazeneca. O Programa Estadual de Imuniza\u00e7\u00f5es (PEI-PE) est\u00e1 realizando levantamento junto aos munic\u00edpios do Estado sobre a necessidade do envio de novas doses de acordo com a popula\u00e7\u00e3o a ser vacinada, estoques e capacidade de armazenamento de cada territ\u00f3rio.<\/p>\n<p style=\"text-align: justify;\">\u201cPara as pessoas acima de 18 anos, os munic\u00edpios j\u00e1 est\u00e3o autorizados a partir de hoje a programar a vacina\u00e7\u00e3o, seja atrav\u00e9s das ferramentas de agendamento, seja nos postos de sa\u00fade, a depender obviamente dos estoques de cada um\u201d.<\/p>\n<p style=\"text-align: justify;\">O Comit\u00ea ainda orientou que as cidades do Recife e de Jaboat\u00e3o dos Guararapes, que realizaram amplia\u00e7\u00f5es em suas campanhas de refor\u00e7o (a partir dos 50 anos), devem manter suas estrat\u00e9gias visando \u00e0 vacina\u00e7\u00e3o do p\u00fablico j\u00e1 agendado e garantir que este receba a prote\u00e7\u00e3o em tempo oportuno.<\/p>\n<p style=\"text-align: justify;\"><b>CAMPANHA \u2013<\/b> Ainda na reuni\u00e3o de pactua\u00e7\u00e3o com os munic\u00edpios, o secret\u00e1rio salientou a necessidade da realiza\u00e7\u00e3o de a\u00e7\u00f5es que envolvam o chamamento da popula\u00e7\u00e3o para finaliza\u00e7\u00e3o de seus esquemas vacinais. \u201cPernambuco vai participar ativamente da Campanha de Mega Vacina\u00e7\u00e3o, que foi anunciada ontem pelo Minist\u00e9rio da Sa\u00fade, com foco nas 600 mil pessoas que hoje est\u00e3o com a segunda dose atrasada, e tamb\u00e9m na intensifica\u00e7\u00e3o da dose de refor\u00e7o. Essa Campanha vai acontecer de 20 a 26 de novembro e todos os munic\u00edpios estar\u00e3o mobilizados para garantir a oferta da segunda dose, especialmente para quem est\u00e1 com a dose em atraso, e para dose de refor\u00e7o. Temos\u00a0que atacar os bols\u00f5es de n\u00e3o vacinados com segunda dose antes do nosso per\u00edodo de sazonalidade, previsto para os primeiros meses de 2022. \u00c9 o momento de mobilizar as Unidades de Sa\u00fade da Fam\u00edlia e agentes comunit\u00e1rios para ir em busca dessas pessoas\u201d, finalizou Andr\u00e9 Longo.<\/p>\n","protected":false},"excerpt":{"rendered":"<p>Os munic\u00edpios pernambucanos j\u00e1 est\u00e3o autorizados a iniciar a aplica\u00e7\u00e3o da dose de refor\u00e7o (3\u00aa dose) contra a Covid-19 no&hellip;<\/p>\n","protected":false},"author":1,"featured_media":77512,"comment_status":"open","ping_status":"open","sticky":false,"template":"","format":"standard","meta":{"footnotes":""},"categories":[14120],"tags":[2,19532,3406,23397,19670],"class_list":["post-77511","post","type-post","status-publish","format-standard","has-post-thumbnail","hentry","category-noticias","tag-blog-do-edvaldo-magalhaes","tag-blog-mais-acessado-e-visualizado-de-caruaru-e-regiao","tag-caruaru","tag-covid-19-pernambuco-amplia-publico-para-dose-de-reforco","tag-novo-coronavirus"],"_links":{"self":[{"href":"https:\/\/blogdoedvaldomagalhaes.com.br\/index.php\/wp-json\/wp\/v2\/posts\/77511","targetHints":{"allow":["GET"]}}],"collection":[{"href":"https:\/\/blogdoedvaldomagalhaes.com.br\/index.php\/wp-json\/wp\/v2\/posts"}],"about":[{"href":"https:\/\/blogdoedvaldomagalhaes.com.br\/index.php\/wp-json\/wp\/v2\/types\/post"}],"author":[{"embeddable":true,"href":"https:\/\/blogdoedvaldomagalhaes.com.br\/index.php\/wp-json\/wp\/v2\/users\/1"}],"replies":[{"embeddable":true,"href":"https:\/\/blogdoedvaldomagalhaes.com.br\/index.php\/wp-json\/wp\/v2\/comments?post=77511"}],"version-history":[{"count":1,"href":"https:\/\/blogdoedvaldomagalhaes.com.br\/index.php\/wp-json\/wp\/v2\/posts\/77511\/revisions"}],"predecessor-version":[{"id":77513,"href":"https:\/\/blogdoedvaldomagalhaes.com.br\/index.php\/wp-json\/wp\/v2\/posts\/77511\/revisions\/77513"}],"wp:featuredmedia":[{"embeddable":true,"href":"https:\/\/blogdoedvaldomagalhaes.com.br\/index.php\/wp-json\/wp\/v2\/media\/77512"}],"wp:attachment":[{"href":"https:\/\/blogdoedvaldomagalhaes.com.br\/index.php\/wp-json\/wp\/v2\/media?parent=77511"}],"wp:term":[{"taxonomy":"category","embeddable":true,"href":"https:\/\/blogdoedvaldomagalhaes.com.br\/index.php\/wp-json\/wp\/v2\/categories?post=77511"},{"taxonomy":"post_tag","embeddable":true,"href":"https:\/\/blogdoedvaldomagalhaes.com.br\/index.php\/wp-json\/wp\/v2\/tags?post=77511"}],"curies":[{"name":"wp","href":"https:\/\/api.w.org\/{rel}","templated":true}]}}