{"id":7748,"date":"2016-11-09T23:41:00","date_gmt":"2016-11-10T01:41:00","guid":{"rendered":"http:\/\/blogdoedvaldomagalhaes.com.br\/index.php\/2016\/11\/09\/raquel-lyra-cumpre-agenda-em-brasilia\/"},"modified":"2019-02-09T01:05:26","modified_gmt":"2019-02-09T03:05:26","slug":"raquel-lyra-cumpre-agenda-em-brasilia","status":"publish","type":"post","link":"https:\/\/blogdoedvaldomagalhaes.com.br\/index.php\/2016\/11\/09\/raquel-lyra-cumpre-agenda-em-brasilia\/","title":{"rendered":"Raquel Lyra cumpre agenda em Bras\u00edlia"},"content":{"rendered":"<div class=\"separator\" style=\"clear: both; text-align: center;\">\n<a href=\"https:\/\/4.bp.blogspot.com\/-wXGUXAKmZ2k\/WCOzhe40kEI\/AAAAAAAAJhQ\/OU7p7fDaF7sUfpjkuul40VdetIm-WCrFgCLcB\/s1600\/raquel%2B1.jpg\" imageanchor=\"1\" style=\"margin-left: 1em; margin-right: 1em;\"><img loading=\"lazy\" decoding=\"async\" border=\"0\" height=\"298\" src=\"http:\/\/blogdoedvaldomagalhaes.com.br\/wp-content\/uploads\/2016\/11\/raquel1.jpg\" width=\"400\" \/><\/a><\/div>\n<p><\/p>\n<div style=\"text-align: justify;\">\nA prefeita eleita de Caruaru, Raquel Lyra (PSDB), cumpre agenda esta semana em Bras\u00edlia. Ela esteve com o ministro das Cidades, Bruno Ara\u00fajo, seu colega de partido, e falou sobre projetos importantes para Caruaru, em diversas \u00e1reas, que ter\u00e3o o apoio do Governo Federal. Raquel Lyra participou do lan\u00e7amento do Cart\u00e3o Reforma. Acompanhada do ex-governador Jo\u00e3o Lyra Neto (PSDB), a prefeita tamb\u00e9m foi recebida pelo senador Armando Monteiro Neto (PTB), em seu gabinete. Apoiador de primeira hora, ele se comprometeu a dar apoio a futura gest\u00e3o e conversaram sobre a execu\u00e7\u00e3o de emendas j\u00e1 destinadas a Caruaru.<\/div>\n<div style=\"text-align: justify;\">\n<\/div>\n<div class=\"separator\" style=\"clear: both; text-align: center;\">\n<a href=\"https:\/\/2.bp.blogspot.com\/-2Xh6j8iE4bI\/WCOzmXtQ8zI\/AAAAAAAAJhU\/n0_oo12564om4ZYIkSQtikU8A5t6ZvI4QCLcB\/s1600\/raquel.jpg\" imageanchor=\"1\" style=\"margin-left: 1em; margin-right: 1em;\"><img loading=\"lazy\" decoding=\"async\" border=\"0\" height=\"266\" src=\"http:\/\/blogdoedvaldomagalhaes.com.br\/wp-content\/uploads\/2016\/11\/raquel-2.jpg\" width=\"400\" \/><\/a><\/div>\n","protected":false},"excerpt":{"rendered":"<p>A prefeita eleita de Caruaru, Raquel Lyra (PSDB), cumpre agenda esta semana em Bras\u00edlia. Ela esteve com o ministro das&hellip;<\/p>\n","protected":false},"author":1,"featured_media":0,"comment_status":"open","ping_status":"open","sticky":false,"template":"","format":"standard","meta":{"footnotes":""},"categories":[1],"tags":[3464,2,2030,2567,20,1951,8661,11239],"class_list":["post-7748","post","type-post","status-publish","format-standard","hentry","category-sem-categoria","tag-armando-monteiro-neto","tag-blog-do-edvaldo-magalhaes","tag-bruno-araujo","tag-joao-lyra-neto","tag-politica","tag-psdb","tag-ptb","tag-raquel-lyra-cumpre-agenda-em-brasilia"],"_links":{"self":[{"href":"https:\/\/blogdoedvaldomagalhaes.com.br\/index.php\/wp-json\/wp\/v2\/posts\/7748","targetHints":{"allow":["GET"]}}],"collection":[{"href":"https:\/\/blogdoedvaldomagalhaes.com.br\/index.php\/wp-json\/wp\/v2\/posts"}],"about":[{"href":"https:\/\/blogdoedvaldomagalhaes.com.br\/index.php\/wp-json\/wp\/v2\/types\/post"}],"author":[{"embeddable":true,"href":"https:\/\/blogdoedvaldomagalhaes.com.br\/index.php\/wp-json\/wp\/v2\/users\/1"}],"replies":[{"embeddable":true,"href":"https:\/\/blogdoedvaldomagalhaes.com.br\/index.php\/wp-json\/wp\/v2\/comments?post=7748"}],"version-history":[{"count":1,"href":"https:\/\/blogdoedvaldomagalhaes.com.br\/index.php\/wp-json\/wp\/v2\/posts\/7748\/revisions"}],"predecessor-version":[{"id":13907,"href":"https:\/\/blogdoedvaldomagalhaes.com.br\/index.php\/wp-json\/wp\/v2\/posts\/7748\/revisions\/13907"}],"wp:attachment":[{"href":"https:\/\/blogdoedvaldomagalhaes.com.br\/index.php\/wp-json\/wp\/v2\/media?parent=7748"}],"wp:term":[{"taxonomy":"category","embeddable":true,"href":"https:\/\/blogdoedvaldomagalhaes.com.br\/index.php\/wp-json\/wp\/v2\/categories?post=7748"},{"taxonomy":"post_tag","embeddable":true,"href":"https:\/\/blogdoedvaldomagalhaes.com.br\/index.php\/wp-json\/wp\/v2\/tags?post=7748"}],"curies":[{"name":"wp","href":"https:\/\/api.w.org\/{rel}","templated":true}]}}