{"id":7726,"date":"2016-11-11T15:16:00","date_gmt":"2016-11-11T17:16:00","guid":{"rendered":"http:\/\/blogdoedvaldomagalhaes.com.br\/index.php\/2016\/11\/11\/atos-no-inss-no-dia-nacional-de\/"},"modified":"2019-02-09T01:05:39","modified_gmt":"2019-02-09T03:05:39","slug":"atos-no-inss-no-dia-nacional-de","status":"publish","type":"post","link":"https:\/\/blogdoedvaldomagalhaes.com.br\/index.php\/2016\/11\/11\/atos-no-inss-no-dia-nacional-de\/","title":{"rendered":"Atos no INSS no Dia Nacional de Mobiliza\u00e7\u00e3o contra a PEC 55"},"content":{"rendered":"<div class=\"separator\" style=\"clear: both; text-align: center;\">\n<a href=\"https:\/\/4.bp.blogspot.com\/-kt4ou0OLw_M\/WCXgCuvpmGI\/AAAAAAAAJoc\/rJjtVNatSpsuKu1jgWHEP7dHxxnfp4cNwCLcB\/s1600\/inss.jpg\" imageanchor=\"1\" style=\"margin-left: 1em; margin-right: 1em;\"><img loading=\"lazy\" decoding=\"async\" border=\"0\" height=\"298\" src=\"http:\/\/blogdoedvaldomagalhaes.com.br\/wp-content\/uploads\/2016\/11\/inss.jpg\" width=\"400\" \/><\/a><\/div>\n<div class=\"separator\" style=\"clear: both; text-align: center;\">\n<\/div>\n<div class=\"separator\" style=\"clear: both; text-align: center;\">\n<a href=\"https:\/\/4.bp.blogspot.com\/-wrEfNktZ-90\/WCXf8X8jo9I\/AAAAAAAAJoY\/v53swfU8YjQtMMHCqIzOSRZOa9UOGekawCLcB\/s1600\/inss%2B1.jpg\" imageanchor=\"1\" style=\"margin-left: 1em; margin-right: 1em;\"><img loading=\"lazy\" decoding=\"async\" border=\"0\" height=\"298\" src=\"http:\/\/blogdoedvaldomagalhaes.com.br\/wp-content\/uploads\/2016\/11\/inss1.jpg\" width=\"400\" \/><\/a><\/div>\n<p>\nO Dia Nacional de Mobiliza\u00e7\u00e3o contra a PEC 55 teve Atos nas ger\u00eancias do INSS-PE e na sede do n\u00facleo estadual do Minist\u00e9rio da Sa\u00fade (Sudene), com&nbsp;objetivo de conscientizar a popula\u00e7\u00e3o sobre os projetos governamentais , e&nbsp;contra a medida, que prev\u00ea a limita\u00e7\u00e3o dos investimentos em sa\u00fade, educa\u00e7\u00e3o e assist\u00eancia social por 20 anos e que j\u00e1 est\u00e1 em tramita\u00e7\u00e3o no Senado, Reforma da Previd\u00eancia e Trabalhista, que impacta diretamente na vida do cidad\u00e3o.<\/p>\n<p>Carta aberta a popula\u00e7\u00e3o sobre as raz\u00f5es da mobiliza\u00e7\u00e3o nacional foi entregue, para que o segurado compreenda as perdas que todos ter\u00e3o com a aprova\u00e7\u00e3o das medidas propostas pelo governo Temer.<\/p>\n<div class=\"separator\" style=\"clear: both; text-align: center;\">\n<a href=\"https:\/\/2.bp.blogspot.com\/-Gbb2Cwyafh8\/WCXgWRCF2aI\/AAAAAAAAJoo\/wd0o-Sp4AiUanipMRS6yxh7tB1m5nnhWgCLcB\/s1600\/inss%2B3.jpg\" imageanchor=\"1\" style=\"margin-left: 1em; margin-right: 1em;\"><img loading=\"lazy\" decoding=\"async\" border=\"0\" height=\"400\" src=\"http:\/\/blogdoedvaldomagalhaes.com.br\/wp-content\/uploads\/2016\/11\/inss3.jpg\" width=\"308\" \/><\/a><\/div>\n","protected":false},"excerpt":{"rendered":"<p>O Dia Nacional de Mobiliza\u00e7\u00e3o contra a PEC 55 teve Atos nas ger\u00eancias do INSS-PE e na sede do n\u00facleo&hellip;<\/p>\n","protected":false},"author":1,"featured_media":0,"comment_status":"open","ping_status":"open","sticky":false,"template":"","format":"standard","meta":{"footnotes":""},"categories":[1],"tags":[11190,2,6,11191],"class_list":["post-7726","post","type-post","status-publish","format-standard","hentry","category-sem-categoria","tag-atos-no-inss-no-dia-nacional-de-mobilizacao-contra-a-pec-55","tag-blog-do-edvaldo-magalhaes","tag-noticias","tag-reforma-da-previdencia-e-trabalhista"],"_links":{"self":[{"href":"https:\/\/blogdoedvaldomagalhaes.com.br\/index.php\/wp-json\/wp\/v2\/posts\/7726","targetHints":{"allow":["GET"]}}],"collection":[{"href":"https:\/\/blogdoedvaldomagalhaes.com.br\/index.php\/wp-json\/wp\/v2\/posts"}],"about":[{"href":"https:\/\/blogdoedvaldomagalhaes.com.br\/index.php\/wp-json\/wp\/v2\/types\/post"}],"author":[{"embeddable":true,"href":"https:\/\/blogdoedvaldomagalhaes.com.br\/index.php\/wp-json\/wp\/v2\/users\/1"}],"replies":[{"embeddable":true,"href":"https:\/\/blogdoedvaldomagalhaes.com.br\/index.php\/wp-json\/wp\/v2\/comments?post=7726"}],"version-history":[{"count":1,"href":"https:\/\/blogdoedvaldomagalhaes.com.br\/index.php\/wp-json\/wp\/v2\/posts\/7726\/revisions"}],"predecessor-version":[{"id":13969,"href":"https:\/\/blogdoedvaldomagalhaes.com.br\/index.php\/wp-json\/wp\/v2\/posts\/7726\/revisions\/13969"}],"wp:attachment":[{"href":"https:\/\/blogdoedvaldomagalhaes.com.br\/index.php\/wp-json\/wp\/v2\/media?parent=7726"}],"wp:term":[{"taxonomy":"category","embeddable":true,"href":"https:\/\/blogdoedvaldomagalhaes.com.br\/index.php\/wp-json\/wp\/v2\/categories?post=7726"},{"taxonomy":"post_tag","embeddable":true,"href":"https:\/\/blogdoedvaldomagalhaes.com.br\/index.php\/wp-json\/wp\/v2\/tags?post=7726"}],"curies":[{"name":"wp","href":"https:\/\/api.w.org\/{rel}","templated":true}]}}