{"id":77259,"date":"2021-11-10T08:42:32","date_gmt":"2021-11-10T11:42:32","guid":{"rendered":"https:\/\/blogdoedvaldomagalhaes.com.br\/?p=77259"},"modified":"2021-11-10T09:02:04","modified_gmt":"2021-11-10T12:02:04","slug":"vereador-irmao-ronaldo-comemora-volta-das-reunioes-presenciais-na-camara-de-caruaru","status":"publish","type":"post","link":"https:\/\/blogdoedvaldomagalhaes.com.br\/index.php\/2021\/11\/10\/vereador-irmao-ronaldo-comemora-volta-das-reunioes-presenciais-na-camara-de-caruaru\/","title":{"rendered":"Vereador Irm\u00e3o Ronaldo comemora volta das reuni\u00f5es presenciais na C\u00e2mara de Caruaru"},"content":{"rendered":"<p style=\"text-align: justify;\">O vereador Irm\u00e3o Ronaldo comemora o retorno das Sess\u00f5es Plen\u00e1rias presenciais ocorrido nessa ter\u00e7a-feira (09). Com a presen\u00e7a dos demais parlamentares e do p\u00fablico nas galerias da Casa, a reuni\u00e3o aconteceu seguindo os protocolos sanit\u00e1rios.<\/p>\n<p style=\"text-align: justify;\">De acordo com o parlamentar, o retorno das atividades significa um recome\u00e7o ap\u00f3s per\u00edodo de restri\u00e7\u00f5es por conta da pandemia. \u201cEm breve voltaremos a usar a tribuna, para expor nossas propostas e continuar defendendo os direitos da popula\u00e7\u00e3o e pautas que beneficiem a popula\u00e7\u00e3o. Com as b\u00ean\u00e7\u00e3os de Deus estamos retornando com sa\u00fade e seguindo as orienta\u00e7\u00f5es sanit\u00e1rias para prote\u00e7\u00e3o de todos na Casa\u201d, afirmou Irm\u00e3o Ronaldo.<\/p>\n\n\n<figure class=\"wp-block-image size-large\"><img loading=\"lazy\" decoding=\"async\" width=\"610\" height=\"1024\" src=\"https:\/\/blogdoedvaldomagalhaes.com.br\/wp-content\/uploads\/2021\/11\/IMG-20211109-WA0362-610x1024.jpg\" alt=\"\" class=\"wp-image-77266\" srcset=\"https:\/\/blogdoedvaldomagalhaes.com.br\/wp-content\/uploads\/2021\/11\/IMG-20211109-WA0362-610x1024.jpg 610w, https:\/\/blogdoedvaldomagalhaes.com.br\/wp-content\/uploads\/2021\/11\/IMG-20211109-WA0362-179x300.jpg 179w, https:\/\/blogdoedvaldomagalhaes.com.br\/wp-content\/uploads\/2021\/11\/IMG-20211109-WA0362.jpg 617w\" sizes=\"auto, (max-width: 610px) 100vw, 610px\" \/><figcaption>A prefeita Raquel Lyra esteve na entrega do hall de entrada da C\u00e2mara<\/figcaption><\/figure>\n\n\n\n<figure class=\"wp-block-image size-large\"><img loading=\"lazy\" decoding=\"async\" width=\"694\" height=\"1024\" src=\"https:\/\/blogdoedvaldomagalhaes.com.br\/wp-content\/uploads\/2021\/11\/IMG-20211109-WA0361-694x1024.jpg\" alt=\"\" class=\"wp-image-77270\" srcset=\"https:\/\/blogdoedvaldomagalhaes.com.br\/wp-content\/uploads\/2021\/11\/IMG-20211109-WA0361-694x1024.jpg 694w, https:\/\/blogdoedvaldomagalhaes.com.br\/wp-content\/uploads\/2021\/11\/IMG-20211109-WA0361-203x300.jpg 203w, https:\/\/blogdoedvaldomagalhaes.com.br\/wp-content\/uploads\/2021\/11\/IMG-20211109-WA0361-768x1132.jpg 768w, https:\/\/blogdoedvaldomagalhaes.com.br\/wp-content\/uploads\/2021\/11\/IMG-20211109-WA0361.jpg 784w\" sizes=\"auto, (max-width: 694px) 100vw, 694px\" \/><\/figure>\n\n\n\n<p>Vice-prefeito Rodrigo Pinheiro com o vereador Irm\u00e3o Ronaldo <\/p>\n","protected":false},"excerpt":{"rendered":"<p>O vereador Irm\u00e3o Ronaldo comemora o retorno das Sess\u00f5es Plen\u00e1rias presenciais ocorrido nessa ter\u00e7a-feira (09). Com a presen\u00e7a dos demais&hellip;<\/p>\n","protected":false},"author":1,"featured_media":77265,"comment_status":"open","ping_status":"open","sticky":false,"template":"","format":"standard","meta":{"footnotes":""},"categories":[14122],"tags":[2,19532,3406,23340],"class_list":["post-77259","post","type-post","status-publish","format-standard","has-post-thumbnail","hentry","category-politica","tag-blog-do-edvaldo-magalhaes","tag-blog-mais-acessado-e-visualizado-de-caruaru-e-regiao","tag-caruaru","tag-vereador-irmao-ronaldo-comemora-volta-das-reunioes-presenciais-na-camara-de-caruaru"],"_links":{"self":[{"href":"https:\/\/blogdoedvaldomagalhaes.com.br\/index.php\/wp-json\/wp\/v2\/posts\/77259","targetHints":{"allow":["GET"]}}],"collection":[{"href":"https:\/\/blogdoedvaldomagalhaes.com.br\/index.php\/wp-json\/wp\/v2\/posts"}],"about":[{"href":"https:\/\/blogdoedvaldomagalhaes.com.br\/index.php\/wp-json\/wp\/v2\/types\/post"}],"author":[{"embeddable":true,"href":"https:\/\/blogdoedvaldomagalhaes.com.br\/index.php\/wp-json\/wp\/v2\/users\/1"}],"replies":[{"embeddable":true,"href":"https:\/\/blogdoedvaldomagalhaes.com.br\/index.php\/wp-json\/wp\/v2\/comments?post=77259"}],"version-history":[{"count":4,"href":"https:\/\/blogdoedvaldomagalhaes.com.br\/index.php\/wp-json\/wp\/v2\/posts\/77259\/revisions"}],"predecessor-version":[{"id":77271,"href":"https:\/\/blogdoedvaldomagalhaes.com.br\/index.php\/wp-json\/wp\/v2\/posts\/77259\/revisions\/77271"}],"wp:featuredmedia":[{"embeddable":true,"href":"https:\/\/blogdoedvaldomagalhaes.com.br\/index.php\/wp-json\/wp\/v2\/media\/77265"}],"wp:attachment":[{"href":"https:\/\/blogdoedvaldomagalhaes.com.br\/index.php\/wp-json\/wp\/v2\/media?parent=77259"}],"wp:term":[{"taxonomy":"category","embeddable":true,"href":"https:\/\/blogdoedvaldomagalhaes.com.br\/index.php\/wp-json\/wp\/v2\/categories?post=77259"},{"taxonomy":"post_tag","embeddable":true,"href":"https:\/\/blogdoedvaldomagalhaes.com.br\/index.php\/wp-json\/wp\/v2\/tags?post=77259"}],"curies":[{"name":"wp","href":"https:\/\/api.w.org\/{rel}","templated":true}]}}