{"id":77252,"date":"2021-11-09T21:54:14","date_gmt":"2021-11-10T00:54:14","guid":{"rendered":"https:\/\/blogdoedvaldomagalhaes.com.br\/?p=77252"},"modified":"2021-11-09T22:19:08","modified_gmt":"2021-11-10T01:19:08","slug":"fagner-fernandes-comemora-retorno-das-sessoes-plenarias-presenciais","status":"publish","type":"post","link":"https:\/\/blogdoedvaldomagalhaes.com.br\/index.php\/2021\/11\/09\/fagner-fernandes-comemora-retorno-das-sessoes-plenarias-presenciais\/","title":{"rendered":"Fagner Fernandes comemora retorno das Sess\u00f5es Plen\u00e1rias presenciais"},"content":{"rendered":"<p style=\"text-align: justify;\"><span style=\"font-size: inherit;\">O vereador e l\u00edder da oposi\u00e7\u00e3o na C\u00e2mara, Fagner Fernandes (PDT), comemorou o retorno das Sess\u00f5es Plen\u00e1rias presenciais nesta ter\u00e7a-feira (09). Com a presen\u00e7a dos demais parlamentares e do p\u00fablico nas galerias da Casa, a reuni\u00e3o aconteceu seguindo os protocolos sanit\u00e1rios.<\/span><\/p>\n<p style=\"text-align: justify;\">Segundo o parlamentar, o retorno das atividades significa um recome\u00e7o ap\u00f3s per\u00edodo de restri\u00e7\u00f5es por conta da pandemia. &#8220;Em breve voltaremos a usar a tribuna, para expor nossas propostas e continuar defendendo os direitos da popula\u00e7\u00e3o e pautas que beneficiem a causa animal. Com as b\u00ean\u00e7\u00e3os de Deus estamos retornando com sa\u00fade e seguindo as orienta\u00e7\u00f5es sanit\u00e1rias para prote\u00e7\u00e3o de todos na Casa&#8221;, destacou Fagner.<\/p>\n","protected":false},"excerpt":{"rendered":"<p>O vereador e l\u00edder da oposi\u00e7\u00e3o na C\u00e2mara, Fagner Fernandes (PDT), comemorou o retorno das Sess\u00f5es Plen\u00e1rias presenciais nesta ter\u00e7a-feira&hellip;<\/p>\n","protected":false},"author":1,"featured_media":77255,"comment_status":"open","ping_status":"open","sticky":false,"template":"","format":"standard","meta":{"footnotes":""},"categories":[14122],"tags":[2,19532,3406,23339],"class_list":["post-77252","post","type-post","status-publish","format-standard","has-post-thumbnail","hentry","category-politica","tag-blog-do-edvaldo-magalhaes","tag-blog-mais-acessado-e-visualizado-de-caruaru-e-regiao","tag-caruaru","tag-fagner-fernandes-comemora-retorno-das-sessoes-plenarias-presenciais"],"_links":{"self":[{"href":"https:\/\/blogdoedvaldomagalhaes.com.br\/index.php\/wp-json\/wp\/v2\/posts\/77252","targetHints":{"allow":["GET"]}}],"collection":[{"href":"https:\/\/blogdoedvaldomagalhaes.com.br\/index.php\/wp-json\/wp\/v2\/posts"}],"about":[{"href":"https:\/\/blogdoedvaldomagalhaes.com.br\/index.php\/wp-json\/wp\/v2\/types\/post"}],"author":[{"embeddable":true,"href":"https:\/\/blogdoedvaldomagalhaes.com.br\/index.php\/wp-json\/wp\/v2\/users\/1"}],"replies":[{"embeddable":true,"href":"https:\/\/blogdoedvaldomagalhaes.com.br\/index.php\/wp-json\/wp\/v2\/comments?post=77252"}],"version-history":[{"count":1,"href":"https:\/\/blogdoedvaldomagalhaes.com.br\/index.php\/wp-json\/wp\/v2\/posts\/77252\/revisions"}],"predecessor-version":[{"id":77254,"href":"https:\/\/blogdoedvaldomagalhaes.com.br\/index.php\/wp-json\/wp\/v2\/posts\/77252\/revisions\/77254"}],"wp:featuredmedia":[{"embeddable":true,"href":"https:\/\/blogdoedvaldomagalhaes.com.br\/index.php\/wp-json\/wp\/v2\/media\/77255"}],"wp:attachment":[{"href":"https:\/\/blogdoedvaldomagalhaes.com.br\/index.php\/wp-json\/wp\/v2\/media?parent=77252"}],"wp:term":[{"taxonomy":"category","embeddable":true,"href":"https:\/\/blogdoedvaldomagalhaes.com.br\/index.php\/wp-json\/wp\/v2\/categories?post=77252"},{"taxonomy":"post_tag","embeddable":true,"href":"https:\/\/blogdoedvaldomagalhaes.com.br\/index.php\/wp-json\/wp\/v2\/tags?post=77252"}],"curies":[{"name":"wp","href":"https:\/\/api.w.org\/{rel}","templated":true}]}}