{"id":77249,"date":"2021-11-09T19:05:01","date_gmt":"2021-11-09T22:05:01","guid":{"rendered":"https:\/\/blogdoedvaldomagalhaes.com.br\/?p=77249"},"modified":"2021-11-09T19:05:02","modified_gmt":"2021-11-09T22:05:02","slug":"soma-de-13o-salario-devera-ser-maior-em-caruaru-neste-fim-de-ano","status":"publish","type":"post","link":"https:\/\/blogdoedvaldomagalhaes.com.br\/index.php\/2021\/11\/09\/soma-de-13o-salario-devera-ser-maior-em-caruaru-neste-fim-de-ano\/","title":{"rendered":"Soma de 13\u00ba sal\u00e1rio dever\u00e1 ser maior em Caruaru neste fim de ano"},"content":{"rendered":"<p style=\"text-align: justify;\"><span style=\"font-size: inherit;\">O desempenho de Caruaru, no que se refere \u00e0 retomada econ\u00f4mica em meio \u00e0 pandemia da Covid-19, deve ser confirmado neste fim de ano. De acordo com o estudo da Secretaria de Desenvolvimento Econ\u00f4mico, Turismo e Economia Criativa (Sedetec), com base nos dados do Minist\u00e9rio do Trabalho e Previd\u00eancia e do Cadastro Geral de Empregados e Desempregados (Caged), a Capital do Agreste dever\u00e1 registrar aumento em rela\u00e7\u00e3o \u00e0 soma desembolsada de 13\u00ba sal\u00e1rio a ser repassada aos trabalhadores formais das esferas p\u00fablica e privada.<\/span><\/p>\n<p style=\"text-align: justify;\">O levantamento da Sedetec apontou que a varia\u00e7\u00e3o financeira em rela\u00e7\u00e3o \u00e0 gratifica\u00e7\u00e3o anual efetuada, no intervalo justamente de 2019 a 2021, sofrer\u00e1 um acr\u00e9scimo de 19,5%. Se em 2019 e 2020, as rendas salariais dos 76 mil e 77 mil profissionais contabilizados (total de p\u00fablicos e privados) corresponderam, respectivamente, a R$ 143 milh\u00f5es e R$ 153 milh\u00f5es, em 2021, o n\u00famero estimado dever\u00e1 ficar na casa dos R$ 171 milh\u00f5es, com 82 mil trabalhadores registrados.<\/p>\n<p style=\"text-align: justify;\">Na pr\u00e1tica, o estudo evidencia que o crescimento se dar\u00e1 no volume geral de 13\u00ba sal\u00e1rio pago e n\u00e3o nos valores individuais de cada trabalhador. Tal comprova\u00e7\u00e3o tamb\u00e9m vem a refor\u00e7ar a retomada da cidade na gera\u00e7\u00e3o de empregos formais. Segundo dados do Caged, Caruaru ocupa a terceira posi\u00e7\u00e3o dentre os munic\u00edpios que mais contrataram no Estado, no acumulado do ano e nos \u00faltimos 12 meses. A soma referente ao primeiro per\u00edodo correspondeu a +4.017, j\u00e1 ao segundo a +6.369 postos de trabalho contabilizados.<\/p>\n<p style=\"text-align: justify;\">Para o secret\u00e1rio de Desenvolvimento Econ\u00f4mico, Turismo e Economia Criativa de Caruaru, Andr\u00e9 Teixeira Filho, a cidade prossegue superando a crise instalada pela Covid-19 com muito trabalho e investimento. \u201cNossa popula\u00e7\u00e3o \u00e9 bastante trabalhadora por natureza e vem redobrando ainda mais os esfor\u00e7os para retomar a linha de crescimento juntamente com os v\u00e1rios investimentos que t\u00eam sido empregados pela Prefeitura e a iniciativa privada. Esse acr\u00e9scimo em rela\u00e7\u00e3o ao 13\u00ba \u00e9 mais um reflexo disso\u201d, avaliou.<\/p>\n<p style=\"text-align: justify;\">Quem tem direito ao 13\u00ba?<\/p>\n<p style=\"text-align: justify;\">De acordo com a Lei n\u00ba 4.090\/1962, todos os trabalhadores formais t\u00eam direito ao 13\u00ba sal\u00e1rio, ap\u00f3s 15 dias de trabalho. Depois desse per\u00edodo, o valor j\u00e1 \u00e9 contabilizado como um m\u00eas inteiro. Ele \u00e9 uma remunera\u00e7\u00e3o extra, que \u00e9 paga no fim do ano e corresponde a um sal\u00e1rio de um m\u00eas trabalhado na empregadora. Vale ressaltar que as regras relacionadas a esse benef\u00edcio n\u00e3o foram alteradas pela Reforma Trabalhista, sendo obrigat\u00f3rio para as mesmas.<\/p>\n<p>Foto: SEIC\/Divulga\u00e7\u00e3o.<\/p>\n","protected":false},"excerpt":{"rendered":"<p>O desempenho de Caruaru, no que se refere \u00e0 retomada econ\u00f4mica em meio \u00e0 pandemia da Covid-19, deve ser confirmado&hellip;<\/p>\n","protected":false},"author":1,"featured_media":77250,"comment_status":"open","ping_status":"open","sticky":false,"template":"","format":"standard","meta":{"footnotes":""},"categories":[1],"tags":[],"class_list":["post-77249","post","type-post","status-publish","format-standard","has-post-thumbnail","hentry","category-sem-categoria"],"_links":{"self":[{"href":"https:\/\/blogdoedvaldomagalhaes.com.br\/index.php\/wp-json\/wp\/v2\/posts\/77249","targetHints":{"allow":["GET"]}}],"collection":[{"href":"https:\/\/blogdoedvaldomagalhaes.com.br\/index.php\/wp-json\/wp\/v2\/posts"}],"about":[{"href":"https:\/\/blogdoedvaldomagalhaes.com.br\/index.php\/wp-json\/wp\/v2\/types\/post"}],"author":[{"embeddable":true,"href":"https:\/\/blogdoedvaldomagalhaes.com.br\/index.php\/wp-json\/wp\/v2\/users\/1"}],"replies":[{"embeddable":true,"href":"https:\/\/blogdoedvaldomagalhaes.com.br\/index.php\/wp-json\/wp\/v2\/comments?post=77249"}],"version-history":[{"count":1,"href":"https:\/\/blogdoedvaldomagalhaes.com.br\/index.php\/wp-json\/wp\/v2\/posts\/77249\/revisions"}],"predecessor-version":[{"id":77251,"href":"https:\/\/blogdoedvaldomagalhaes.com.br\/index.php\/wp-json\/wp\/v2\/posts\/77249\/revisions\/77251"}],"wp:featuredmedia":[{"embeddable":true,"href":"https:\/\/blogdoedvaldomagalhaes.com.br\/index.php\/wp-json\/wp\/v2\/media\/77250"}],"wp:attachment":[{"href":"https:\/\/blogdoedvaldomagalhaes.com.br\/index.php\/wp-json\/wp\/v2\/media?parent=77249"}],"wp:term":[{"taxonomy":"category","embeddable":true,"href":"https:\/\/blogdoedvaldomagalhaes.com.br\/index.php\/wp-json\/wp\/v2\/categories?post=77249"},{"taxonomy":"post_tag","embeddable":true,"href":"https:\/\/blogdoedvaldomagalhaes.com.br\/index.php\/wp-json\/wp\/v2\/tags?post=77249"}],"curies":[{"name":"wp","href":"https:\/\/api.w.org\/{rel}","templated":true}]}}