{"id":77245,"date":"2021-11-09T18:49:30","date_gmt":"2021-11-09T21:49:30","guid":{"rendered":"https:\/\/blogdoedvaldomagalhaes.com.br\/?p=77245"},"modified":"2021-11-09T18:49:31","modified_gmt":"2021-11-09T21:49:31","slug":"cbf-doa-cestas-basicas-para-o-transforma-caruaru","status":"publish","type":"post","link":"https:\/\/blogdoedvaldomagalhaes.com.br\/index.php\/2021\/11\/09\/cbf-doa-cestas-basicas-para-o-transforma-caruaru\/","title":{"rendered":"CBF doa cestas b\u00e1sicas para o Transforma Caruaru"},"content":{"rendered":"<p style=\"text-align: justify;\"><span style=\"font-size: inherit;\">A Sele\u00e7\u00e3o Brasileira de Futebol escolheu o Transforma Caruaru, por meio do Transforma Brasil, para doar 200 cestas b\u00e1sicas. As fam\u00edlias que moram na Vila Guilherme, S\u00edtio Borba e Lagoa Ro\u00e7ada foram as beneficiadas.<\/span><\/p>\n<p style=\"text-align: justify;\">As cestas foram entregues pela mascote da sele\u00e7\u00e3o, o Canarinho, que tamb\u00e9m fez a alegria da garotada.<\/p>\n<p style=\"text-align: justify;\">Participaram da a\u00e7\u00e3o, al\u00e9m dos volunt\u00e1rios do Transforma Caruaru, a CEO do Transforma Brasil, N\u00e1vila Alencastro, e a coordenadora educacional do Porto Social, B\u00e1rbara Cabral.<\/p>\n<p style=\"text-align: justify;\">\u201cA\u00e7\u00f5es conjuntas com grandes parceiros, como a CBF e o Transforma Brasil, permitem visibilidade \u00e0s iniciativas sociais locais e s\u00e3o muito importantes para a nossa constru\u00e7\u00e3o coletiva\u201d, afirmou a coordenadora do Transforma Caruaru, Christianny Magalh\u00e3es.<\/p>\n\n\n<figure class=\"wp-block-image size-large\"><img loading=\"lazy\" decoding=\"async\" width=\"766\" height=\"1024\" src=\"https:\/\/blogdoedvaldomagalhaes.com.br\/wp-content\/uploads\/2021\/11\/IMG-20211109-WA0256-766x1024.jpg\" alt=\"\" class=\"wp-image-77247\" srcset=\"https:\/\/blogdoedvaldomagalhaes.com.br\/wp-content\/uploads\/2021\/11\/IMG-20211109-WA0256-766x1024.jpg 766w, https:\/\/blogdoedvaldomagalhaes.com.br\/wp-content\/uploads\/2021\/11\/IMG-20211109-WA0256-225x300.jpg 225w, https:\/\/blogdoedvaldomagalhaes.com.br\/wp-content\/uploads\/2021\/11\/IMG-20211109-WA0256-768x1026.jpg 768w, https:\/\/blogdoedvaldomagalhaes.com.br\/wp-content\/uploads\/2021\/11\/IMG-20211109-WA0256.jpg 958w\" sizes=\"auto, (max-width: 766px) 100vw, 766px\" \/><figcaption>Fotos: Divulga\u00e7\u00e3o <\/figcaption><\/figure>\n","protected":false},"excerpt":{"rendered":"<p>A Sele\u00e7\u00e3o Brasileira de Futebol escolheu o Transforma Caruaru, por meio do Transforma Brasil, para doar 200 cestas b\u00e1sicas. As&hellip;<\/p>\n","protected":false},"author":1,"featured_media":77246,"comment_status":"open","ping_status":"open","sticky":false,"template":"","format":"standard","meta":{"footnotes":""},"categories":[14120],"tags":[19532,3406],"class_list":["post-77245","post","type-post","status-publish","format-standard","has-post-thumbnail","hentry","category-noticias","tag-blog-mais-acessado-e-visualizado-de-caruaru-e-regiao","tag-caruaru"],"_links":{"self":[{"href":"https:\/\/blogdoedvaldomagalhaes.com.br\/index.php\/wp-json\/wp\/v2\/posts\/77245","targetHints":{"allow":["GET"]}}],"collection":[{"href":"https:\/\/blogdoedvaldomagalhaes.com.br\/index.php\/wp-json\/wp\/v2\/posts"}],"about":[{"href":"https:\/\/blogdoedvaldomagalhaes.com.br\/index.php\/wp-json\/wp\/v2\/types\/post"}],"author":[{"embeddable":true,"href":"https:\/\/blogdoedvaldomagalhaes.com.br\/index.php\/wp-json\/wp\/v2\/users\/1"}],"replies":[{"embeddable":true,"href":"https:\/\/blogdoedvaldomagalhaes.com.br\/index.php\/wp-json\/wp\/v2\/comments?post=77245"}],"version-history":[{"count":1,"href":"https:\/\/blogdoedvaldomagalhaes.com.br\/index.php\/wp-json\/wp\/v2\/posts\/77245\/revisions"}],"predecessor-version":[{"id":77248,"href":"https:\/\/blogdoedvaldomagalhaes.com.br\/index.php\/wp-json\/wp\/v2\/posts\/77245\/revisions\/77248"}],"wp:featuredmedia":[{"embeddable":true,"href":"https:\/\/blogdoedvaldomagalhaes.com.br\/index.php\/wp-json\/wp\/v2\/media\/77246"}],"wp:attachment":[{"href":"https:\/\/blogdoedvaldomagalhaes.com.br\/index.php\/wp-json\/wp\/v2\/media?parent=77245"}],"wp:term":[{"taxonomy":"category","embeddable":true,"href":"https:\/\/blogdoedvaldomagalhaes.com.br\/index.php\/wp-json\/wp\/v2\/categories?post=77245"},{"taxonomy":"post_tag","embeddable":true,"href":"https:\/\/blogdoedvaldomagalhaes.com.br\/index.php\/wp-json\/wp\/v2\/tags?post=77245"}],"curies":[{"name":"wp","href":"https:\/\/api.w.org\/{rel}","templated":true}]}}