{"id":77242,"date":"2021-11-09T18:28:05","date_gmt":"2021-11-09T21:28:05","guid":{"rendered":"https:\/\/blogdoedvaldomagalhaes.com.br\/?p=77242"},"modified":"2021-11-09T22:21:08","modified_gmt":"2021-11-10T01:21:08","slug":"erick-lessa-destaca-importancia-da-seguranca-nas-feiras-de-fim-de-ano","status":"publish","type":"post","link":"https:\/\/blogdoedvaldomagalhaes.com.br\/index.php\/2021\/11\/09\/erick-lessa-destaca-importancia-da-seguranca-nas-feiras-de-fim-de-ano\/","title":{"rendered":"Erick Lessa destaca import\u00e2ncia da seguran\u00e7a nas feiras de fim de ano"},"content":{"rendered":"<p style=\"text-align: justify;\"><span style=\"font-size: inherit;\">Nesta ter\u00e7a-feira (09), o deputado estadual Erick Lessa se reuniu com representantes do Polo de Confec\u00e7\u00f5es do Agreste e autoridades das pol\u00edcias Civil e Militar para apresentar e discutir o esquema de seguran\u00e7a para as feiras de fim de ano.<\/span><\/p>\n<p style=\"text-align: justify;\">Na ocasi\u00e3o, os gestores da Diretoria Integrada do Interior I das pol\u00edcias Militar e Civil, coronel Cleto Ant\u00f4nio e delegado Jean Rockfeler, respectivamente, detalharam a atua\u00e7\u00e3o dos profissionais de seguran\u00e7a no sentido de prover uma maior tranquilidade a feirantes e compradores do Polo de Confec\u00e7\u00f5es do Agreste. O comandante do 4\u00ba Batalh\u00e3o da Pol\u00edcia Militar, tenente-coronel Fred Saraiva, pontuou que o planejamento foi realizado de forma detalhada e citou que a a\u00e7\u00e3o conta com o apoio da Pol\u00edcia Rodovi\u00e1ria Federal, do 1\u00ba BIEsp, da cavalaria e da intelig\u00eancia da pol\u00edcia.<\/p>\n<p style=\"text-align: justify;\">Segundo o deputado, o encontro representa a uni\u00e3o em prol do desenvolvimento regional. \u201cEstamos vivenciando um momento de uni\u00e3o entre as feiras do Polo T\u00eaxtil e as for\u00e7as policiais, para garantir seguran\u00e7a nesse retorno das atividades econ\u00f4micas do Polo, que \u00e9 uma matriz econ\u00f4mica de Pernambuco\u201d, ressaltou o parlamentar. Lessa destacou o incremento de policiais nas \u00e1reas do polo com o lan\u00e7amento de 1340 policiais extras, al\u00e9m de patrulhamento nas rodovias, nas feiras de fim de ano.<\/p>\n<p style=\"text-align: justify;\">Por sua vez, o presidente da Associa\u00e7\u00e3o dos Sulanqueiros de Caruaru, Pedro Moura, destacou positivamente o esquema de seguran\u00e7a e mencionou a movimenta\u00e7\u00e3o econ\u00f4mica do setor. \u201cAs estimativas apontam uma circula\u00e7\u00e3o de mais de 100 mil pessoas por feira, bem como um universo de 30 mil feirantes. Garantir seguran\u00e7a \u00e9 abrir portas para o desenvolvimento\u201d, avaliou.<\/p>\n<p style=\"text-align: justify;\">A reuni\u00e3o, que ocorreu no audit\u00f3rio do setor Fundac, ainda contou com as presen\u00e7as do s\u00edndico do Parque das Feiras de Toritama, Camilo Brito; do 1\u00ba subs\u00edndico do Moda Center Santa Cruz, Tales Maia; do tenente-coronel Eduvando Roque, do 24\u00ba BPM; do tenente-coronel Cleto Antonio; do delegado seccional de Limoeiro, Herbert Martins; da delegada seccional de Caruaru Luciana Almeida, entre outras autoridades e da ampla cobertura da imprensa local.<\/p>\n<p style=\"text-align: justify;\">Foto: Viliane Gomes<\/p>\n\n\n<figure class=\"wp-block-image size-large\"><img loading=\"lazy\" decoding=\"async\" width=\"1024\" height=\"765\" src=\"https:\/\/blogdoedvaldomagalhaes.com.br\/wp-content\/uploads\/2021\/11\/IMG-20211109-WA0222-1024x765.jpg\" alt=\"\" class=\"wp-image-77256\" srcset=\"https:\/\/blogdoedvaldomagalhaes.com.br\/wp-content\/uploads\/2021\/11\/IMG-20211109-WA0222-1024x765.jpg 1024w, https:\/\/blogdoedvaldomagalhaes.com.br\/wp-content\/uploads\/2021\/11\/IMG-20211109-WA0222-300x224.jpg 300w, https:\/\/blogdoedvaldomagalhaes.com.br\/wp-content\/uploads\/2021\/11\/IMG-20211109-WA0222-768x574.jpg 768w, https:\/\/blogdoedvaldomagalhaes.com.br\/wp-content\/uploads\/2021\/11\/IMG-20211109-WA0222-1536x1148.jpg 1536w, https:\/\/blogdoedvaldomagalhaes.com.br\/wp-content\/uploads\/2021\/11\/IMG-20211109-WA0222-160x120.jpg 160w, https:\/\/blogdoedvaldomagalhaes.com.br\/wp-content\/uploads\/2021\/11\/IMG-20211109-WA0222.jpg 1600w\" sizes=\"auto, (max-width: 1024px) 100vw, 1024px\" \/><\/figure>\n","protected":false},"excerpt":{"rendered":"<p>Nesta ter\u00e7a-feira (09), o deputado estadual Erick Lessa se reuniu com representantes do Polo de Confec\u00e7\u00f5es do Agreste e autoridades&hellip;<\/p>\n","protected":false},"author":1,"featured_media":77243,"comment_status":"open","ping_status":"open","sticky":false,"template":"","format":"standard","meta":{"footnotes":""},"categories":[14122],"tags":[2,19532,3406,23338],"class_list":["post-77242","post","type-post","status-publish","format-standard","has-post-thumbnail","hentry","category-politica","tag-blog-do-edvaldo-magalhaes","tag-blog-mais-acessado-e-visualizado-de-caruaru-e-regiao","tag-caruaru","tag-erick-lessa-destaca-importancia-da-seguranca-nas-feiras-de-fim-de-ano"],"_links":{"self":[{"href":"https:\/\/blogdoedvaldomagalhaes.com.br\/index.php\/wp-json\/wp\/v2\/posts\/77242","targetHints":{"allow":["GET"]}}],"collection":[{"href":"https:\/\/blogdoedvaldomagalhaes.com.br\/index.php\/wp-json\/wp\/v2\/posts"}],"about":[{"href":"https:\/\/blogdoedvaldomagalhaes.com.br\/index.php\/wp-json\/wp\/v2\/types\/post"}],"author":[{"embeddable":true,"href":"https:\/\/blogdoedvaldomagalhaes.com.br\/index.php\/wp-json\/wp\/v2\/users\/1"}],"replies":[{"embeddable":true,"href":"https:\/\/blogdoedvaldomagalhaes.com.br\/index.php\/wp-json\/wp\/v2\/comments?post=77242"}],"version-history":[{"count":2,"href":"https:\/\/blogdoedvaldomagalhaes.com.br\/index.php\/wp-json\/wp\/v2\/posts\/77242\/revisions"}],"predecessor-version":[{"id":77257,"href":"https:\/\/blogdoedvaldomagalhaes.com.br\/index.php\/wp-json\/wp\/v2\/posts\/77242\/revisions\/77257"}],"wp:featuredmedia":[{"embeddable":true,"href":"https:\/\/blogdoedvaldomagalhaes.com.br\/index.php\/wp-json\/wp\/v2\/media\/77243"}],"wp:attachment":[{"href":"https:\/\/blogdoedvaldomagalhaes.com.br\/index.php\/wp-json\/wp\/v2\/media?parent=77242"}],"wp:term":[{"taxonomy":"category","embeddable":true,"href":"https:\/\/blogdoedvaldomagalhaes.com.br\/index.php\/wp-json\/wp\/v2\/categories?post=77242"},{"taxonomy":"post_tag","embeddable":true,"href":"https:\/\/blogdoedvaldomagalhaes.com.br\/index.php\/wp-json\/wp\/v2\/tags?post=77242"}],"curies":[{"name":"wp","href":"https:\/\/api.w.org\/{rel}","templated":true}]}}