{"id":7724,"date":"2016-11-11T18:10:00","date_gmt":"2016-11-11T20:10:00","guid":{"rendered":"http:\/\/blogdoedvaldomagalhaes.com.br\/index.php\/2016\/11\/11\/crianca-esta-internada-e-precisando-de\/"},"modified":"2019-02-09T01:05:40","modified_gmt":"2019-02-09T03:05:40","slug":"crianca-esta-internada-e-precisando-de","status":"publish","type":"post","link":"https:\/\/blogdoedvaldomagalhaes.com.br\/index.php\/2016\/11\/11\/crianca-esta-internada-e-precisando-de\/","title":{"rendered":"Crian\u00e7a est\u00e1 internada e precisando de doa\u00e7\u00e3o de sangue urgente"},"content":{"rendered":"<div class=\"separator\" style=\"clear: both; text-align: center;\">\n<a href=\"https:\/\/4.bp.blogspot.com\/-hug8xLmWUto\/WCYGhMPSPcI\/AAAAAAAAJpI\/pZV_sKqG6SAzBWkxJ8635H2X0DI342ajQCLcB\/s1600\/pedrinho.jpg\" imageanchor=\"1\" style=\"margin-left: 1em; margin-right: 1em;\"><img loading=\"lazy\" decoding=\"async\" border=\"0\" height=\"400\" src=\"http:\/\/blogdoedvaldomagalhaes.com.br\/wp-content\/uploads\/2016\/11\/pedrinho.jpg\" width=\"400\" \/><\/a><\/div>\n<div class=\"separator\" style=\"clear: both; text-align: center;\">\n<\/div>\n<div class=\"separator\" style=\"clear: both; text-align: justify;\">\nEsta crian\u00e7a chama-se Pedrinho, de 10 anos de idade, reside em Taquaritinga do Norte, Agreste de Pernambuco, e porta uma doen\u00e7a chamada Epiderm\u00f3lise Bolhosa, que \u00e9 uma doen\u00e7a do tecido conjuntivo, ainda sem cura. V\u00e1rias campanhas foram feitas para arrecadar alimentos e rem\u00e9dios necess\u00e1rios para o seu tratamento. Agora Pedrinho est\u00e1 com uma anemia severa e precisando urgentemente de doa\u00e7\u00e3o de sangue. Depois de fazer procedimentos m\u00e9dicos, ele foi sedado para fazer um exame de endoscopia, mas ap\u00f3s o exame n\u00e3o retornou.<\/div>\n<div class=\"separator\" style=\"clear: both; text-align: justify;\">\n<\/div>\n<div class=\"separator\" style=\"clear: both; text-align: justify;\">\nPedrinho est\u00e1 internado no Hospital da Restaura\u00e7\u00e3o, em Recife. Quem poder doar, v\u00e1 ao Hemope e fa\u00e7a a doa\u00e7\u00e3o em nome de Jos\u00e9 Pedro da Silva, internado na UTI do HR leito 2.<\/div>\n<div class=\"separator\" style=\"clear: both; text-align: justify;\">\n<\/div>\n<div class=\"separator\" style=\"clear: both; text-align: justify;\">\n<b>Compartilhem, comuniquem a outras pessoas e enviem para todos. Vamos ajudar<\/b><\/div>\n","protected":false},"excerpt":{"rendered":"<p>Esta crian\u00e7a chama-se Pedrinho, de 10 anos de idade, reside em Taquaritinga do Norte, Agreste de Pernambuco, e porta uma&hellip;<\/p>\n","protected":false},"author":1,"featured_media":0,"comment_status":"open","ping_status":"open","sticky":false,"template":"","format":"standard","meta":{"footnotes":""},"categories":[1],"tags":[2,11186,11187,3982,10137,6,4672],"class_list":["post-7724","post","type-post","status-publish","format-standard","hentry","category-sem-categoria","tag-blog-do-edvaldo-magalhaes","tag-crianca-esta-internada-e-precisando-de-doacao-de-sangue-urgente","tag-epidermolise-bolhosa","tag-hospital-da-restauracao","tag-jose-pedro-da-silva","tag-noticias","tag-taquaritinga-do-norte"],"_links":{"self":[{"href":"https:\/\/blogdoedvaldomagalhaes.com.br\/index.php\/wp-json\/wp\/v2\/posts\/7724","targetHints":{"allow":["GET"]}}],"collection":[{"href":"https:\/\/blogdoedvaldomagalhaes.com.br\/index.php\/wp-json\/wp\/v2\/posts"}],"about":[{"href":"https:\/\/blogdoedvaldomagalhaes.com.br\/index.php\/wp-json\/wp\/v2\/types\/post"}],"author":[{"embeddable":true,"href":"https:\/\/blogdoedvaldomagalhaes.com.br\/index.php\/wp-json\/wp\/v2\/users\/1"}],"replies":[{"embeddable":true,"href":"https:\/\/blogdoedvaldomagalhaes.com.br\/index.php\/wp-json\/wp\/v2\/comments?post=7724"}],"version-history":[{"count":1,"href":"https:\/\/blogdoedvaldomagalhaes.com.br\/index.php\/wp-json\/wp\/v2\/posts\/7724\/revisions"}],"predecessor-version":[{"id":13973,"href":"https:\/\/blogdoedvaldomagalhaes.com.br\/index.php\/wp-json\/wp\/v2\/posts\/7724\/revisions\/13973"}],"wp:attachment":[{"href":"https:\/\/blogdoedvaldomagalhaes.com.br\/index.php\/wp-json\/wp\/v2\/media?parent=7724"}],"wp:term":[{"taxonomy":"category","embeddable":true,"href":"https:\/\/blogdoedvaldomagalhaes.com.br\/index.php\/wp-json\/wp\/v2\/categories?post=7724"},{"taxonomy":"post_tag","embeddable":true,"href":"https:\/\/blogdoedvaldomagalhaes.com.br\/index.php\/wp-json\/wp\/v2\/tags?post=7724"}],"curies":[{"name":"wp","href":"https:\/\/api.w.org\/{rel}","templated":true}]}}