{"id":77238,"date":"2021-11-09T17:29:27","date_gmt":"2021-11-09T20:29:27","guid":{"rendered":"https:\/\/blogdoedvaldomagalhaes.com.br\/?p=77238"},"modified":"2021-11-09T18:18:45","modified_gmt":"2021-11-09T21:18:45","slug":"anderson-correia-pede-proibicao-do-uso-de-fogos-de-artificio-com-estampido-em-eventos-de-caruaru","status":"publish","type":"post","link":"https:\/\/blogdoedvaldomagalhaes.com.br\/index.php\/2021\/11\/09\/anderson-correia-pede-proibicao-do-uso-de-fogos-de-artificio-com-estampido-em-eventos-de-caruaru\/","title":{"rendered":"Anderson Correia pede proibi\u00e7\u00e3o do uso de fogos de artif\u00edcio com estampido em eventos de Caruaru"},"content":{"rendered":"<p style=\"text-align: justify;\"><span style=\"font-size: inherit;\">O vereador e presidente da Comiss\u00e3o Permanente dos Direitos dos Animais, Anderson Correia (PP), protocolou um requerimento pedindo que seja proibida a utiliza\u00e7\u00e3o de fogos de artif\u00edcios com estampidos em eventos gerais no munic\u00edpio de Caruaru. De acordo com a mat\u00e9ria, a medida visa a prote\u00e7\u00e3o de pessoas e animais sens\u00edveis ao barulho provocado por estes fogos, que trazem danos s\u00e9rios \u00e0 sa\u00fade e bem-estar.<\/span><\/p>\n<p style=\"text-align: justify;\">\u201cO objetivo do nosso pedido por meio deste requerimento \u00e9 de proteger pessoas com Transtorno do Espectro do Autismo (TEA), crian\u00e7as em geral, idosos e tamb\u00e9m animais n\u00e3o humanos como c\u00e3es e gatos, por terem a sensibilidade auditiva agu\u00e7ada. Os fogos de artif\u00edcio com estampido s\u00e3o nocivos, perigosos e invasivos, trazendo s\u00e9rios riscos \u00e0 popula\u00e7\u00e3o, aos animais e ao meio ambiente. Algumas cidades j\u00e1 adotaram a queima de fogos silenciosos, justamente por todos esses transtornos citados\u201d, argumenta o parlamentar, que complementa exemplificando o qu\u00e3o perigoso esses fogos barulhentos podem ser para os animais.<\/p>\n<p style=\"text-align: justify;\">\u201cPor exemplo, quem tem um animal de estima\u00e7\u00e3o sabe o quanto o barulho dos fogos provoca rea\u00e7\u00f5es de estresse e ansiedade neles. Podem ainda sofrer ataques card\u00edacos, convuls\u00f5es e ter a audi\u00e7\u00e3o prejudicada. Essas rea\u00e7\u00f5es podem acontecer em animais silvestres tamb\u00e9m. C\u00e3es e gatos possuem a audi\u00e7\u00e3o mais agu\u00e7ada que a dos humanos, e, consequentemente, s\u00e3o mais sens\u00edveis ao barulho\u201d, conclui o vereador.<\/p>\n","protected":false},"excerpt":{"rendered":"<p>O vereador e presidente da Comiss\u00e3o Permanente dos Direitos dos Animais, Anderson Correia (PP), protocolou um requerimento pedindo que seja&hellip;<\/p>\n","protected":false},"author":1,"featured_media":77241,"comment_status":"open","ping_status":"open","sticky":false,"template":"","format":"standard","meta":{"footnotes":""},"categories":[14122],"tags":[23337,2,19532,3406],"class_list":["post-77238","post","type-post","status-publish","format-standard","has-post-thumbnail","hentry","category-politica","tag-anderson-correia-pede-proibicao-do-uso-de-fogos-de-artificio-com-estampido-em-eventos-de-caruaru","tag-blog-do-edvaldo-magalhaes","tag-blog-mais-acessado-e-visualizado-de-caruaru-e-regiao","tag-caruaru"],"_links":{"self":[{"href":"https:\/\/blogdoedvaldomagalhaes.com.br\/index.php\/wp-json\/wp\/v2\/posts\/77238","targetHints":{"allow":["GET"]}}],"collection":[{"href":"https:\/\/blogdoedvaldomagalhaes.com.br\/index.php\/wp-json\/wp\/v2\/posts"}],"about":[{"href":"https:\/\/blogdoedvaldomagalhaes.com.br\/index.php\/wp-json\/wp\/v2\/types\/post"}],"author":[{"embeddable":true,"href":"https:\/\/blogdoedvaldomagalhaes.com.br\/index.php\/wp-json\/wp\/v2\/users\/1"}],"replies":[{"embeddable":true,"href":"https:\/\/blogdoedvaldomagalhaes.com.br\/index.php\/wp-json\/wp\/v2\/comments?post=77238"}],"version-history":[{"count":1,"href":"https:\/\/blogdoedvaldomagalhaes.com.br\/index.php\/wp-json\/wp\/v2\/posts\/77238\/revisions"}],"predecessor-version":[{"id":77240,"href":"https:\/\/blogdoedvaldomagalhaes.com.br\/index.php\/wp-json\/wp\/v2\/posts\/77238\/revisions\/77240"}],"wp:featuredmedia":[{"embeddable":true,"href":"https:\/\/blogdoedvaldomagalhaes.com.br\/index.php\/wp-json\/wp\/v2\/media\/77241"}],"wp:attachment":[{"href":"https:\/\/blogdoedvaldomagalhaes.com.br\/index.php\/wp-json\/wp\/v2\/media?parent=77238"}],"wp:term":[{"taxonomy":"category","embeddable":true,"href":"https:\/\/blogdoedvaldomagalhaes.com.br\/index.php\/wp-json\/wp\/v2\/categories?post=77238"},{"taxonomy":"post_tag","embeddable":true,"href":"https:\/\/blogdoedvaldomagalhaes.com.br\/index.php\/wp-json\/wp\/v2\/tags?post=77238"}],"curies":[{"name":"wp","href":"https:\/\/api.w.org\/{rel}","templated":true}]}}