{"id":77235,"date":"2021-11-09T13:08:14","date_gmt":"2021-11-09T16:08:14","guid":{"rendered":"https:\/\/blogdoedvaldomagalhaes.com.br\/?p=77235"},"modified":"2021-11-09T13:08:16","modified_gmt":"2021-11-09T16:08:16","slug":"comercio-de-caruaru-tem-permissao-para-abrir-no-feriado-de-segunda-feira-15","status":"publish","type":"post","link":"https:\/\/blogdoedvaldomagalhaes.com.br\/index.php\/2021\/11\/09\/comercio-de-caruaru-tem-permissao-para-abrir-no-feriado-de-segunda-feira-15\/","title":{"rendered":"Com\u00e9rcio de Caruaru tem permiss\u00e3o para abrir no feriado de segunda-feira (15)"},"content":{"rendered":"<div dir=\"auto\" style=\"text-align: justify;\">Na pr\u00f3xima segunda-feira (15), feriado nacional, referente a \u201cProclama\u00e7\u00e3o da Rep\u00fablica\u201d, ser\u00e1 cumprido o acordo da CCT \u2013 Conven\u00e7\u00e3o Coletiva de Trabalho, nesse caso, o comercio de Caruaru poder\u00e1 determinar jornada de trabalho, desde que cumpra as Normas Coletivas firmadas entre SINDECC e os Sindicatos Patronais.<\/div>\n<div class=\"separator\">\n<div dir=\"auto\" style=\"text-align: justify;\"><\/div>\n<div dir=\"auto\" style=\"text-align: justify;\">As empresas dever\u00e3o comunicar aos dois sindicatos at\u00e9 48h antes do feriado pela plataforma do Sindloja no caso de com\u00e9rcio varejista, e de forma presencial no Sincata em se tratando de com\u00e9rcio atacadista, constando nomes na escala de trabalho e suas respectivas folgas at\u00e9 30 dias ap\u00f3s a data do feriado trabalhado, e ainda vale transporte e pagamento da ajuda de custo conforme valores informados abaixo:<\/div>\n<div dir=\"auto\" style=\"text-align: justify;\"><\/div>\n<div dir=\"auto\" style=\"text-align: justify;\">Para o com\u00e9rcio varejista e de autope\u00e7as:<\/div>\n<div dir=\"auto\" style=\"text-align: justify;\"><\/div>\n<div dir=\"auto\" style=\"text-align: justify;\">Para empresas com at\u00e9 20 funcion\u00e1rios R$ 46,00<\/div>\n<div dir=\"auto\" style=\"text-align: justify;\">Para empresas a partir de 21 a 50 funcion\u00e1rios R$ 48,00<\/div>\n<div dir=\"auto\" style=\"text-align: justify;\">Para empresas a partir de 51 a 130 funcion\u00e1rios R$ 50,00<\/div>\n<div dir=\"auto\" style=\"text-align: justify;\">Para empresas a partir de 131 a 200 funcion\u00e1rios R$ 65,00<\/div>\n<div dir=\"auto\" style=\"text-align: justify;\">Para empresas a partir de 201 a 300 funcion\u00e1rios R$ 75,00<\/div>\n<div dir=\"auto\" style=\"text-align: justify;\">E para empresas com mais de 300 funcion\u00e1rios R$ 85,00<\/div>\n<div dir=\"auto\" style=\"text-align: justify;\"><\/div>\n<div dir=\"auto\" style=\"text-align: justify;\">Para o com\u00e9rcio atacadista:<\/div>\n<div dir=\"auto\" style=\"text-align: justify;\"><\/div>\n<div dir=\"auto\" style=\"text-align: justify;\">As empresas do com\u00e9rcio atacadista pagam um valor de R$ 48,00<\/div>\n<div dir=\"auto\" style=\"text-align: justify;\"><\/div>\n<div dir=\"auto\" style=\"text-align: justify;\">Para que seja garantido os direitos dos comerci\u00e1rios(as), o SINDECC J\u00c1 REQUEREU FISCALIZA\u00c7\u00c3O junto a Gerencia Regional do Trabalho em Caruaru* para garantir que seja cumprido o determinado no citado instrumento.<\/div>\n<div dir=\"auto\" style=\"text-align: justify;\"><\/div>\n<div dir=\"auto\" style=\"text-align: justify;\">Para mais informa\u00e7\u00f5es ligue: 3721-2894 ou 9.9937-6674<\/div>\n<div dir=\"auto\" style=\"text-align: justify;\"><\/div>\n<div dir=\"auto\" style=\"text-align: justify;\"><img decoding=\"async\" class=\"an1\" src=\"https:\/\/fonts.gstatic.com\/s\/e\/notoemoji\/13.1.1\/1f3ec\/72.png\" alt=\"\ud83c\udfec\" aria-label=\"\ud83c\udfec\" data-emoji=\"\ud83c\udfec\" \/> Rua do Norte, 38, centro de Caruaru<\/div>\n<div dir=\"auto\" style=\"text-align: justify;\"><img decoding=\"async\" class=\"an1\" src=\"https:\/\/fonts.gstatic.com\/s\/e\/notoemoji\/13.1.1\/260e_fe0f\/72.png\" alt=\"\u260e\ufe0f\" aria-label=\"\u260e\ufe0f\" data-emoji=\"\u260e\ufe0f\" \/> Telefone: 3721.2894<\/div>\n<div dir=\"auto\" style=\"text-align: justify;\"><\/div>\n<\/div>\n","protected":false},"excerpt":{"rendered":"<p>Na pr\u00f3xima segunda-feira (15), feriado nacional, referente a \u201cProclama\u00e7\u00e3o da Rep\u00fablica\u201d, ser\u00e1 cumprido o acordo da CCT \u2013 Conven\u00e7\u00e3o Coletiva&hellip;<\/p>\n","protected":false},"author":1,"featured_media":77236,"comment_status":"open","ping_status":"open","sticky":false,"template":"","format":"standard","meta":{"footnotes":""},"categories":[14120],"tags":[2,19532,3406,23336],"class_list":["post-77235","post","type-post","status-publish","format-standard","has-post-thumbnail","hentry","category-noticias","tag-blog-do-edvaldo-magalhaes","tag-blog-mais-acessado-e-visualizado-de-caruaru-e-regiao","tag-caruaru","tag-comercio-de-caruaru-tem-permissao-para-abrir-as-portas-no-feriado-de-segunda-feira-15"],"_links":{"self":[{"href":"https:\/\/blogdoedvaldomagalhaes.com.br\/index.php\/wp-json\/wp\/v2\/posts\/77235","targetHints":{"allow":["GET"]}}],"collection":[{"href":"https:\/\/blogdoedvaldomagalhaes.com.br\/index.php\/wp-json\/wp\/v2\/posts"}],"about":[{"href":"https:\/\/blogdoedvaldomagalhaes.com.br\/index.php\/wp-json\/wp\/v2\/types\/post"}],"author":[{"embeddable":true,"href":"https:\/\/blogdoedvaldomagalhaes.com.br\/index.php\/wp-json\/wp\/v2\/users\/1"}],"replies":[{"embeddable":true,"href":"https:\/\/blogdoedvaldomagalhaes.com.br\/index.php\/wp-json\/wp\/v2\/comments?post=77235"}],"version-history":[{"count":1,"href":"https:\/\/blogdoedvaldomagalhaes.com.br\/index.php\/wp-json\/wp\/v2\/posts\/77235\/revisions"}],"predecessor-version":[{"id":77237,"href":"https:\/\/blogdoedvaldomagalhaes.com.br\/index.php\/wp-json\/wp\/v2\/posts\/77235\/revisions\/77237"}],"wp:featuredmedia":[{"embeddable":true,"href":"https:\/\/blogdoedvaldomagalhaes.com.br\/index.php\/wp-json\/wp\/v2\/media\/77236"}],"wp:attachment":[{"href":"https:\/\/blogdoedvaldomagalhaes.com.br\/index.php\/wp-json\/wp\/v2\/media?parent=77235"}],"wp:term":[{"taxonomy":"category","embeddable":true,"href":"https:\/\/blogdoedvaldomagalhaes.com.br\/index.php\/wp-json\/wp\/v2\/categories?post=77235"},{"taxonomy":"post_tag","embeddable":true,"href":"https:\/\/blogdoedvaldomagalhaes.com.br\/index.php\/wp-json\/wp\/v2\/tags?post=77235"}],"curies":[{"name":"wp","href":"https:\/\/api.w.org\/{rel}","templated":true}]}}