{"id":77220,"date":"2021-11-09T09:37:58","date_gmt":"2021-11-09T12:37:58","guid":{"rendered":"https:\/\/blogdoedvaldomagalhaes.com.br\/?p=77220"},"modified":"2021-11-09T10:25:59","modified_gmt":"2021-11-09T13:25:59","slug":"troca-de-tiros-entre-vigilante-e-individuo-em-tentativa-de-assalto-no-cras-em-caruaru","status":"publish","type":"post","link":"https:\/\/blogdoedvaldomagalhaes.com.br\/index.php\/2021\/11\/09\/troca-de-tiros-entre-vigilante-e-individuo-em-tentativa-de-assalto-no-cras-em-caruaru\/","title":{"rendered":"Troca de tiros entre vigilante e indiv\u00edduo em tentativa de assalto no CRAS em Caruaru"},"content":{"rendered":"<p style=\"text-align: justify;\">Por volta das 08h30 da manh\u00e3 desta ter\u00e7a-feira (09), houve uma tentativa de assalto no Centro de Refer\u00eancia da Assist\u00eancia Social (CRAS), localizado na avenida Caruaru, no bairro Maria Auxiliadora.\u00a0<\/p>\n<p style=\"text-align: justify;\">Um vigilante que estava de plant\u00e3o no momento da a\u00e7\u00e3o trocou tiros com o suspeito, que fugiu sem levar nada. N\u00e3o houve feridos. A Pol\u00edcia Militar foi acionada, fez rondas no bairro, mas n\u00e3o encontrou o suspeito.<\/p>\n<p>Fotos: Blog do Edvaldo Magalh\u00e3es.<\/p>\n\n\n<figure class=\"wp-block-image size-large\"><img loading=\"lazy\" decoding=\"async\" width=\"576\" height=\"1024\" src=\"https:\/\/blogdoedvaldomagalhaes.com.br\/wp-content\/uploads\/2021\/11\/IMG-20211109-WA0051-576x1024.jpeg\" alt=\"\" class=\"wp-image-77223\" srcset=\"https:\/\/blogdoedvaldomagalhaes.com.br\/wp-content\/uploads\/2021\/11\/IMG-20211109-WA0051-576x1024.jpeg 576w, https:\/\/blogdoedvaldomagalhaes.com.br\/wp-content\/uploads\/2021\/11\/IMG-20211109-WA0051-169x300.jpeg 169w, https:\/\/blogdoedvaldomagalhaes.com.br\/wp-content\/uploads\/2021\/11\/IMG-20211109-WA0051-768x1365.jpeg 768w, https:\/\/blogdoedvaldomagalhaes.com.br\/wp-content\/uploads\/2021\/11\/IMG-20211109-WA0051-864x1536.jpeg 864w, https:\/\/blogdoedvaldomagalhaes.com.br\/wp-content\/uploads\/2021\/11\/IMG-20211109-WA0051-1152x2048.jpeg 1152w, https:\/\/blogdoedvaldomagalhaes.com.br\/wp-content\/uploads\/2021\/11\/IMG-20211109-WA0051-scaled.jpeg 1440w\" sizes=\"auto, (max-width: 576px) 100vw, 576px\" \/><figcaption>Foto da marca do tiro: Blog do Edvaldo Magalh\u00e3es<\/figcaption><\/figure>\n\n\n\n<figure class=\"wp-block-image size-large\"><img loading=\"lazy\" decoding=\"async\" width=\"576\" height=\"1024\" src=\"https:\/\/blogdoedvaldomagalhaes.com.br\/wp-content\/uploads\/2021\/11\/IMG-20211109-WA0055-576x1024.jpeg\" alt=\"\" class=\"wp-image-77227\" srcset=\"https:\/\/blogdoedvaldomagalhaes.com.br\/wp-content\/uploads\/2021\/11\/IMG-20211109-WA0055-576x1024.jpeg 576w, https:\/\/blogdoedvaldomagalhaes.com.br\/wp-content\/uploads\/2021\/11\/IMG-20211109-WA0055-169x300.jpeg 169w, https:\/\/blogdoedvaldomagalhaes.com.br\/wp-content\/uploads\/2021\/11\/IMG-20211109-WA0055-768x1365.jpeg 768w, https:\/\/blogdoedvaldomagalhaes.com.br\/wp-content\/uploads\/2021\/11\/IMG-20211109-WA0055-864x1536.jpeg 864w, https:\/\/blogdoedvaldomagalhaes.com.br\/wp-content\/uploads\/2021\/11\/IMG-20211109-WA0055-1152x2048.jpeg 1152w, https:\/\/blogdoedvaldomagalhaes.com.br\/wp-content\/uploads\/2021\/11\/IMG-20211109-WA0055-scaled.jpeg 1440w\" sizes=\"auto, (max-width: 576px) 100vw, 576px\" \/><figcaption>Foto da marcas dos tiros: Blog do Edvaldo Magalh\u00e3es<\/figcaption><\/figure>\n\n\n\n<figure class=\"wp-block-image size-large\"><img loading=\"lazy\" decoding=\"async\" width=\"576\" height=\"1024\" src=\"https:\/\/blogdoedvaldomagalhaes.com.br\/wp-content\/uploads\/2021\/11\/IMG-20211109-WA0053-576x1024.jpeg\" alt=\"\" class=\"wp-image-77230\" srcset=\"https:\/\/blogdoedvaldomagalhaes.com.br\/wp-content\/uploads\/2021\/11\/IMG-20211109-WA0053-576x1024.jpeg 576w, https:\/\/blogdoedvaldomagalhaes.com.br\/wp-content\/uploads\/2021\/11\/IMG-20211109-WA0053-169x300.jpeg 169w, https:\/\/blogdoedvaldomagalhaes.com.br\/wp-content\/uploads\/2021\/11\/IMG-20211109-WA0053-768x1365.jpeg 768w, https:\/\/blogdoedvaldomagalhaes.com.br\/wp-content\/uploads\/2021\/11\/IMG-20211109-WA0053-864x1536.jpeg 864w, https:\/\/blogdoedvaldomagalhaes.com.br\/wp-content\/uploads\/2021\/11\/IMG-20211109-WA0053-1152x2048.jpeg 1152w, https:\/\/blogdoedvaldomagalhaes.com.br\/wp-content\/uploads\/2021\/11\/IMG-20211109-WA0053-scaled.jpeg 1440w\" sizes=\"auto, (max-width: 576px) 100vw, 576px\" \/><figcaption>Foto da marca de tiro: Blog do Edvaldo Magalh\u00e3es<\/figcaption><\/figure>\n","protected":false},"excerpt":{"rendered":"<p>Por volta das 08h30 da manh\u00e3 desta ter\u00e7a-feira (09), houve uma tentativa de assalto no Centro de Refer\u00eancia da Assist\u00eancia&hellip;<\/p>\n","protected":false},"author":1,"featured_media":77221,"comment_status":"open","ping_status":"open","sticky":false,"template":"","format":"standard","meta":{"footnotes":""},"categories":[14121],"tags":[2,19532,3406,23335],"class_list":["post-77220","post","type-post","status-publish","format-standard","has-post-thumbnail","hentry","category-policial","tag-blog-do-edvaldo-magalhaes","tag-blog-mais-acessado-e-visualizado-de-caruaru-e-regiao","tag-caruaru","tag-troca-de-tiros-entre-vigilante-e-individuo-em-tentativa-de-assalto-no-cras-em-caruaru"],"_links":{"self":[{"href":"https:\/\/blogdoedvaldomagalhaes.com.br\/index.php\/wp-json\/wp\/v2\/posts\/77220","targetHints":{"allow":["GET"]}}],"collection":[{"href":"https:\/\/blogdoedvaldomagalhaes.com.br\/index.php\/wp-json\/wp\/v2\/posts"}],"about":[{"href":"https:\/\/blogdoedvaldomagalhaes.com.br\/index.php\/wp-json\/wp\/v2\/types\/post"}],"author":[{"embeddable":true,"href":"https:\/\/blogdoedvaldomagalhaes.com.br\/index.php\/wp-json\/wp\/v2\/users\/1"}],"replies":[{"embeddable":true,"href":"https:\/\/blogdoedvaldomagalhaes.com.br\/index.php\/wp-json\/wp\/v2\/comments?post=77220"}],"version-history":[{"count":6,"href":"https:\/\/blogdoedvaldomagalhaes.com.br\/index.php\/wp-json\/wp\/v2\/posts\/77220\/revisions"}],"predecessor-version":[{"id":77234,"href":"https:\/\/blogdoedvaldomagalhaes.com.br\/index.php\/wp-json\/wp\/v2\/posts\/77220\/revisions\/77234"}],"wp:featuredmedia":[{"embeddable":true,"href":"https:\/\/blogdoedvaldomagalhaes.com.br\/index.php\/wp-json\/wp\/v2\/media\/77221"}],"wp:attachment":[{"href":"https:\/\/blogdoedvaldomagalhaes.com.br\/index.php\/wp-json\/wp\/v2\/media?parent=77220"}],"wp:term":[{"taxonomy":"category","embeddable":true,"href":"https:\/\/blogdoedvaldomagalhaes.com.br\/index.php\/wp-json\/wp\/v2\/categories?post=77220"},{"taxonomy":"post_tag","embeddable":true,"href":"https:\/\/blogdoedvaldomagalhaes.com.br\/index.php\/wp-json\/wp\/v2\/tags?post=77220"}],"curies":[{"name":"wp","href":"https:\/\/api.w.org\/{rel}","templated":true}]}}