{"id":77215,"date":"2021-11-09T08:28:23","date_gmt":"2021-11-09T11:28:23","guid":{"rendered":"https:\/\/blogdoedvaldomagalhaes.com.br\/?p=77215"},"modified":"2021-11-09T08:32:27","modified_gmt":"2021-11-09T11:32:27","slug":"fagner-fernandes-questiona-falta-de-informacao-em-pl-de-autoria-da-prefeitura-de-caruaru","status":"publish","type":"post","link":"https:\/\/blogdoedvaldomagalhaes.com.br\/index.php\/2021\/11\/09\/fagner-fernandes-questiona-falta-de-informacao-em-pl-de-autoria-da-prefeitura-de-caruaru\/","title":{"rendered":"Fagner Fernandes questiona falta de informa\u00e7\u00e3o em PL de autoria da Prefeitura de Caruaru"},"content":{"rendered":"<p style=\"padding-left: 40px; text-align: justify;\">\n<p style=\"text-align: justify;\">\nO vereador e l\u00edder da oposi\u00e7\u00e3o na C\u00e2mara, Fagner Fernandes (PDT), se mostrou preocupado diante da aus\u00eancia de informa\u00e7\u00f5es no Projeto de Lei n\u00ba 9156\/2021, de autoria do Poder Executivo, que autoriza o munic\u00edpio a contratar uma nova opera\u00e7\u00e3o de cr\u00e9dito (Finisa) junto \u00e0 Caixa Econ\u00f4mica Federal.<\/p>\n<p style=\"text-align: justify;\">Durante a Audi\u00eancia P\u00fablica realizada nessa segunda-feira (08) para discutir o tema, o parlamentar questionou aos representantes da prefeitura e demais institui\u00e7\u00f5es ligadas ao empr\u00e9stimo, a falta de clareza na justificativa para solicita\u00e7\u00e3o do financiamento de R$ 130 milh\u00f5es.<\/p>\n<p style=\"text-align: justify;\">&#8220;A audi\u00eancia serve justamente para tirarmos nossas d\u00favidas e da popula\u00e7\u00e3o. A falta de justificativa no projeto, explicando como o dinheiro ser\u00e1 utilizado foi o que nos chamou a aten\u00e7\u00e3o. Os representantes da prefeitura e da Caixa Econ\u00f4mica falaram sobre a redu\u00e7\u00e3o da taxa de juros e que parte do valor financiado, vai sanar a d\u00edvida que o munic\u00edpio tem dos R$ 83 milh\u00f5es&#8221;, pontuou.<\/p>\n<p style=\"text-align: justify;\">Sobre o empr\u00e9stimo anterior (R$ 83 milh\u00f5es), o l\u00edder da oposi\u00e7\u00e3o tamb\u00e9m questionou os motivos do Poder Executivo n\u00e3o ter utilizado o recurso como foi proposto e apresentado aos vereadores. &#8220;Em 2018, o PL dizia que o financiamento seria aplicado em pavimenta\u00e7\u00e3o urbana; na requalifica\u00e7\u00e3o de parques e pra\u00e7as, inclusive os moradores do Bara\u00fanas ainda aguardam a constru\u00e7\u00e3o da pra\u00e7a; requalificacao do centro da cidade, incluindo a Rua Duque de Caxias; a\u00e7\u00f5es de controle ambiental; reestrutura\u00e7\u00e3o do setor de feiras e mercados, entre outros. Nesses pontos citados, o dinheiro n\u00e3o foi aplicado na sua totalidade e\/ou o projeto n\u00e3o foi feito&#8221;, explicou Fagner.<\/p>\n<p style=\"text-align: justify;\">Os vereadores que comp\u00f5em o grupo de oposi\u00e7\u00e3o na Casa, Perp\u00e9tua Dantas (PSDB) e Cabo Cardoso (PP), tamb\u00e9m levantaram questionamentos sobre o empr\u00e9stimo. A audi\u00eancia teve mais de tr\u00eas horas de dura\u00e7\u00e3o.<\/p>\n","protected":false},"excerpt":{"rendered":"<p>O vereador e l\u00edder da oposi\u00e7\u00e3o na C\u00e2mara, Fagner Fernandes (PDT), se mostrou preocupado diante da aus\u00eancia de informa\u00e7\u00f5es no&hellip;<\/p>\n","protected":false},"author":1,"featured_media":77216,"comment_status":"open","ping_status":"open","sticky":false,"template":"","format":"standard","meta":{"footnotes":""},"categories":[14122],"tags":[2,19532,3406,23333,6],"class_list":["post-77215","post","type-post","status-publish","format-standard","has-post-thumbnail","hentry","category-politica","tag-blog-do-edvaldo-magalhaes","tag-blog-mais-acessado-e-visualizado-de-caruaru-e-regiao","tag-caruaru","tag-fagner-fernandes-questiona-falta-de-informacao-em-pl-de-autoria-da-prefeitura-de-caruaru","tag-noticias"],"_links":{"self":[{"href":"https:\/\/blogdoedvaldomagalhaes.com.br\/index.php\/wp-json\/wp\/v2\/posts\/77215","targetHints":{"allow":["GET"]}}],"collection":[{"href":"https:\/\/blogdoedvaldomagalhaes.com.br\/index.php\/wp-json\/wp\/v2\/posts"}],"about":[{"href":"https:\/\/blogdoedvaldomagalhaes.com.br\/index.php\/wp-json\/wp\/v2\/types\/post"}],"author":[{"embeddable":true,"href":"https:\/\/blogdoedvaldomagalhaes.com.br\/index.php\/wp-json\/wp\/v2\/users\/1"}],"replies":[{"embeddable":true,"href":"https:\/\/blogdoedvaldomagalhaes.com.br\/index.php\/wp-json\/wp\/v2\/comments?post=77215"}],"version-history":[{"count":2,"href":"https:\/\/blogdoedvaldomagalhaes.com.br\/index.php\/wp-json\/wp\/v2\/posts\/77215\/revisions"}],"predecessor-version":[{"id":77219,"href":"https:\/\/blogdoedvaldomagalhaes.com.br\/index.php\/wp-json\/wp\/v2\/posts\/77215\/revisions\/77219"}],"wp:featuredmedia":[{"embeddable":true,"href":"https:\/\/blogdoedvaldomagalhaes.com.br\/index.php\/wp-json\/wp\/v2\/media\/77216"}],"wp:attachment":[{"href":"https:\/\/blogdoedvaldomagalhaes.com.br\/index.php\/wp-json\/wp\/v2\/media?parent=77215"}],"wp:term":[{"taxonomy":"category","embeddable":true,"href":"https:\/\/blogdoedvaldomagalhaes.com.br\/index.php\/wp-json\/wp\/v2\/categories?post=77215"},{"taxonomy":"post_tag","embeddable":true,"href":"https:\/\/blogdoedvaldomagalhaes.com.br\/index.php\/wp-json\/wp\/v2\/tags?post=77215"}],"curies":[{"name":"wp","href":"https:\/\/api.w.org\/{rel}","templated":true}]}}