{"id":77212,"date":"2021-11-08T20:30:26","date_gmt":"2021-11-08T23:30:26","guid":{"rendered":"https:\/\/blogdoedvaldomagalhaes.com.br\/?p=77212"},"modified":"2021-11-08T20:30:28","modified_gmt":"2021-11-08T23:30:28","slug":"3a-dose-da-vacina-contra-covid-19-disponivel-para-pessoas-a-partir-de-55-anos-em-caruaru","status":"publish","type":"post","link":"https:\/\/blogdoedvaldomagalhaes.com.br\/index.php\/2021\/11\/08\/3a-dose-da-vacina-contra-covid-19-disponivel-para-pessoas-a-partir-de-55-anos-em-caruaru\/","title":{"rendered":"3\u00aa dose da vacina contra Covid-19 dispon\u00edvel para pessoas a partir de 55 anos, em Caruaru"},"content":{"rendered":"<p style=\"text-align: justify;\"><span style=\"font-size: inherit;\">A Secretaria de Sa\u00fade de Caruaru, anunciou a antecipa\u00e7\u00e3o de seis para quatro meses do intervalo de aplica\u00e7\u00e3o da 3\u00aa dose da vacina contra a Covid-19, tamb\u00e9m chamada de dose de refor\u00e7o.<\/span><\/p>\n<p style=\"text-align: justify;\">Al\u00e9m do novo prazo, uma nova faixa et\u00e1ria poder\u00e1 receber a dose: a das pessoas a partir dos 55 anos. At\u00e9 ent\u00e3o, a dose estava dispon\u00edvel apenas para os trabalhadores de sa\u00fade, as pessoas imunossuprimidas e os idosos com mais de 60 anos, no intervalo de seis meses entre a D2 e a D3. Com a mudan\u00e7a, al\u00e9m do intervalo menor, mais pessoas ser\u00e3o beneficiadas com o imunizante.<\/p>\n<p style=\"text-align: justify;\">\u201cA antecipa\u00e7\u00e3o da D3 nos d\u00e1 uma garantia maior de prote\u00e7\u00e3o contra a doen\u00e7a. Com isso, \u00e9 poss\u00edvel reduzir o risco de agravamento e \u00f3bitos. Ainda que estejamos com os n\u00fameros em queda, \u00e9 preciso evitar o surgimento de uma nova onda da doen\u00e7a\u201d, explicou a secret\u00e1ria de Sa\u00fade de Caruaru, B\u00e1rbara Flor\u00eancio.<\/p>\n<p style=\"text-align: justify;\">Seguindo a recomenda\u00e7\u00e3o do Minist\u00e9rio da Sa\u00fade (MS), a dose de refor\u00e7o, que est\u00e1 sendo aplicada no munic\u00edpio, \u00e9 com a vacina da Pfizer\/BioNTech. Na falta desse imunizante, poder\u00e3o ser utilizadas as de vetor viral, como as Janssen\/Johnson&amp;Johnson e da AstraZeneca\/Oxford.<\/p>\n<p style=\"text-align: justify;\">Para receber a dose, al\u00e9m de ter completado o prazo e ter a idade superior a 55 anos, ser\u00e1 necess\u00e1rio apresentar a c\u00f3pia do CPF e a do comprovante de vacina\u00e7\u00e3o das doses anteriores.<\/p>\n<p style=\"text-align: justify;\">A imuniza\u00e7\u00e3o est\u00e1 acontecendo em dois pontos da cidade: no Espa\u00e7o Cultural Tancredo Neves e na A\u00e7\u00e3o de Vacina\u00e7\u00e3o Noturna, que acontece na Via Parque, em<br \/>\nfrente ao INSS, de segunda a sexta, das 17h \u00e0s 20h, e, aos s\u00e1bados e domingos, das 8h \u00e0s 18h.<\/p>\n<p style=\"text-align: justify;\">Outra forma de receber o imunizante \u00e9 por meio das a\u00e7\u00f5es porta a porta, que est\u00e3o sendo realizadas nos bairros da cidade pela equipe de vacinadores itinerantes, com o apoio da unidade m\u00f3vel de vacina\u00e7\u00e3o, o Vacim\u00f3vel.<\/p>\n<p style=\"text-align: justify;\">CoronaVac<\/p>\n<p style=\"text-align: justify;\">O imunizante CoronaVac\/Butantan tamb\u00e9m ter\u00e1 o intervalo entre a 1\u00aa (D1) e a 2\u00aa (D2) dose reduzido, de 28 para 21 dias. De acordo com o Instituto Butantan, a efic\u00e1cia global da CoronaVac pode chegar a 62,3%, com intervalo entre doses igual ou superior a 21 dias. J\u00e1 para a aplica\u00e7\u00e3o da 3\u00aa dose (D3), o prazo segue igual, de quatro meses para as pessoas a partir se 55 anos.<\/p>\n","protected":false},"excerpt":{"rendered":"<p>A Secretaria de Sa\u00fade de Caruaru, anunciou a antecipa\u00e7\u00e3o de seis para quatro meses do intervalo de aplica\u00e7\u00e3o da 3\u00aa&hellip;<\/p>\n","protected":false},"author":1,"featured_media":77213,"comment_status":"open","ping_status":"open","sticky":false,"template":"","format":"standard","meta":{"footnotes":""},"categories":[14120],"tags":[23332,2,19532,3406],"class_list":["post-77212","post","type-post","status-publish","format-standard","has-post-thumbnail","hentry","category-noticias","tag-3a-dose-da-vacina-contra-covid-19-disponivel-para-pessoas-a-partir-de-55-anos-em-caruaru","tag-blog-do-edvaldo-magalhaes","tag-blog-mais-acessado-e-visualizado-de-caruaru-e-regiao","tag-caruaru"],"_links":{"self":[{"href":"https:\/\/blogdoedvaldomagalhaes.com.br\/index.php\/wp-json\/wp\/v2\/posts\/77212","targetHints":{"allow":["GET"]}}],"collection":[{"href":"https:\/\/blogdoedvaldomagalhaes.com.br\/index.php\/wp-json\/wp\/v2\/posts"}],"about":[{"href":"https:\/\/blogdoedvaldomagalhaes.com.br\/index.php\/wp-json\/wp\/v2\/types\/post"}],"author":[{"embeddable":true,"href":"https:\/\/blogdoedvaldomagalhaes.com.br\/index.php\/wp-json\/wp\/v2\/users\/1"}],"replies":[{"embeddable":true,"href":"https:\/\/blogdoedvaldomagalhaes.com.br\/index.php\/wp-json\/wp\/v2\/comments?post=77212"}],"version-history":[{"count":1,"href":"https:\/\/blogdoedvaldomagalhaes.com.br\/index.php\/wp-json\/wp\/v2\/posts\/77212\/revisions"}],"predecessor-version":[{"id":77214,"href":"https:\/\/blogdoedvaldomagalhaes.com.br\/index.php\/wp-json\/wp\/v2\/posts\/77212\/revisions\/77214"}],"wp:featuredmedia":[{"embeddable":true,"href":"https:\/\/blogdoedvaldomagalhaes.com.br\/index.php\/wp-json\/wp\/v2\/media\/77213"}],"wp:attachment":[{"href":"https:\/\/blogdoedvaldomagalhaes.com.br\/index.php\/wp-json\/wp\/v2\/media?parent=77212"}],"wp:term":[{"taxonomy":"category","embeddable":true,"href":"https:\/\/blogdoedvaldomagalhaes.com.br\/index.php\/wp-json\/wp\/v2\/categories?post=77212"},{"taxonomy":"post_tag","embeddable":true,"href":"https:\/\/blogdoedvaldomagalhaes.com.br\/index.php\/wp-json\/wp\/v2\/tags?post=77212"}],"curies":[{"name":"wp","href":"https:\/\/api.w.org\/{rel}","templated":true}]}}