{"id":77205,"date":"2021-11-08T17:46:18","date_gmt":"2021-11-08T20:46:18","guid":{"rendered":"https:\/\/blogdoedvaldomagalhaes.com.br\/?p=77205"},"modified":"2021-11-08T17:46:20","modified_gmt":"2021-11-08T20:46:20","slug":"posto-de-emissao-de-registro-geral-rg-esta-funcionando-normalmente-em-caruaru","status":"publish","type":"post","link":"https:\/\/blogdoedvaldomagalhaes.com.br\/index.php\/2021\/11\/08\/posto-de-emissao-de-registro-geral-rg-esta-funcionando-normalmente-em-caruaru\/","title":{"rendered":"Posto de Emiss\u00e3o de Registro Geral (RG) est\u00e1 funcionando normalmente em Caruaru"},"content":{"rendered":"<p style=\"text-align: justify;\"><span style=\"font-size: inherit;\">A Secretaria de Desenvolvimento Social e Direitos Humanos (SDSDH), informa que o posto de emiss\u00e3o de Registro Geral (RG) est\u00e1 funcionando normalmente. O espa\u00e7o, localizado na sede da SDSDH, na Rua Armando da Fonte, 197, no Bairro Maur\u00edcio de Nassau, est\u00e1 aberto das 8h \u00e0s 17h, com intervalo de 20 minutos entre os atendimentos, totalizando 20 por dia.<\/span><\/p>\n<p style=\"text-align: justify;\">O servi\u00e7o tem como objetivo viabilizar o direito \u00e0 documenta\u00e7\u00e3o civil aos usu\u00e1rios dos servi\u00e7os sociosassistenciais. Para ter acesso ao servi\u00e7o, \u00e9 necess\u00e1rio realizar o agendamento pela plataforma digital do Instituto de Identifica\u00e7\u00e3o Tavares Buril (IITB), www.iitb.pe.gov.br, ou www.pecidadao.pe.gov.br ou atrav\u00e9s do Centro de Refer\u00eancia de Assist\u00eancia Social (Cras), Centro de Refer\u00eancia Especializado (Creas) e Centro POP.<\/p>\n<p style=\"text-align: justify;\">\u201cA libera\u00e7\u00e3o das vagas para retirar a carteira de identidade ocorre sempre um dia antes do atendimento. No domingo, o sistema abre as vagas para o atendimento da segunda-feira, por exemplo. J\u00e1 para o agendamento da emiss\u00e3o da 1\u00aa via, o requerente dever\u00e1 comparecer ao Cras, Creas, Centro POP ou \u00e0 sede da SDSDH\u201d, explicou o secret\u00e1rio de Desenvolvimento Social e Diretos Humanos, Carlos Braga.<br \/><br \/>Para realizar a emiss\u00e3o, \u00e9 preciso estar com o documento de Arrecada\u00e7\u00e3o Estadual (DAE) pago e os documentos informados no comprovante de agendamento. Em um ano de funcionamento, foram feitos 2.283 atendimentos.<br \/>Para outras informa\u00e7\u00f5es: (81) 3701-1883<\/p>\n\n\n<figure class=\"wp-block-image size-large\"><img loading=\"lazy\" decoding=\"async\" width=\"1024\" height=\"682\" src=\"https:\/\/blogdoedvaldomagalhaes.com.br\/wp-content\/uploads\/2021\/11\/IMG-20211108-WA0173-1024x682.jpg\" alt=\"\" class=\"wp-image-77207\" srcset=\"https:\/\/blogdoedvaldomagalhaes.com.br\/wp-content\/uploads\/2021\/11\/IMG-20211108-WA0173-1024x682.jpg 1024w, https:\/\/blogdoedvaldomagalhaes.com.br\/wp-content\/uploads\/2021\/11\/IMG-20211108-WA0173-300x200.jpg 300w, https:\/\/blogdoedvaldomagalhaes.com.br\/wp-content\/uploads\/2021\/11\/IMG-20211108-WA0173-768x512.jpg 768w, https:\/\/blogdoedvaldomagalhaes.com.br\/wp-content\/uploads\/2021\/11\/IMG-20211108-WA0173-1536x1023.jpg 1536w, https:\/\/blogdoedvaldomagalhaes.com.br\/wp-content\/uploads\/2021\/11\/IMG-20211108-WA0173.jpg 1600w\" sizes=\"auto, (max-width: 1024px) 100vw, 1024px\" \/><figcaption>Fotos: Elvis Edson <\/figcaption><\/figure>\n","protected":false},"excerpt":{"rendered":"<p>A Secretaria de Desenvolvimento Social e Direitos Humanos (SDSDH), informa que o posto de emiss\u00e3o de Registro Geral (RG) est\u00e1&hellip;<\/p>\n","protected":false},"author":1,"featured_media":77206,"comment_status":"open","ping_status":"open","sticky":false,"template":"","format":"standard","meta":{"footnotes":""},"categories":[14120],"tags":[2,19532,3406,6,23330],"class_list":["post-77205","post","type-post","status-publish","format-standard","has-post-thumbnail","hentry","category-noticias","tag-blog-do-edvaldo-magalhaes","tag-blog-mais-acessado-e-visualizado-de-caruaru-e-regiao","tag-caruaru","tag-noticias","tag-posto-de-emissao-de-registro-geral-rg-esta-funcionando-normalmente-em-caruaru"],"_links":{"self":[{"href":"https:\/\/blogdoedvaldomagalhaes.com.br\/index.php\/wp-json\/wp\/v2\/posts\/77205","targetHints":{"allow":["GET"]}}],"collection":[{"href":"https:\/\/blogdoedvaldomagalhaes.com.br\/index.php\/wp-json\/wp\/v2\/posts"}],"about":[{"href":"https:\/\/blogdoedvaldomagalhaes.com.br\/index.php\/wp-json\/wp\/v2\/types\/post"}],"author":[{"embeddable":true,"href":"https:\/\/blogdoedvaldomagalhaes.com.br\/index.php\/wp-json\/wp\/v2\/users\/1"}],"replies":[{"embeddable":true,"href":"https:\/\/blogdoedvaldomagalhaes.com.br\/index.php\/wp-json\/wp\/v2\/comments?post=77205"}],"version-history":[{"count":1,"href":"https:\/\/blogdoedvaldomagalhaes.com.br\/index.php\/wp-json\/wp\/v2\/posts\/77205\/revisions"}],"predecessor-version":[{"id":77208,"href":"https:\/\/blogdoedvaldomagalhaes.com.br\/index.php\/wp-json\/wp\/v2\/posts\/77205\/revisions\/77208"}],"wp:featuredmedia":[{"embeddable":true,"href":"https:\/\/blogdoedvaldomagalhaes.com.br\/index.php\/wp-json\/wp\/v2\/media\/77206"}],"wp:attachment":[{"href":"https:\/\/blogdoedvaldomagalhaes.com.br\/index.php\/wp-json\/wp\/v2\/media?parent=77205"}],"wp:term":[{"taxonomy":"category","embeddable":true,"href":"https:\/\/blogdoedvaldomagalhaes.com.br\/index.php\/wp-json\/wp\/v2\/categories?post=77205"},{"taxonomy":"post_tag","embeddable":true,"href":"https:\/\/blogdoedvaldomagalhaes.com.br\/index.php\/wp-json\/wp\/v2\/tags?post=77205"}],"curies":[{"name":"wp","href":"https:\/\/api.w.org\/{rel}","templated":true}]}}