{"id":7716,"date":"2016-11-12T13:27:00","date_gmt":"2016-11-12T15:27:00","guid":{"rendered":"http:\/\/blogdoedvaldomagalhaes.com.br\/index.php\/2016\/11\/12\/jovem-de-18-anos-sofre-tentativa-de\/"},"modified":"2019-02-09T01:05:55","modified_gmt":"2019-02-09T03:05:55","slug":"jovem-de-18-anos-sofre-tentativa-de","status":"publish","type":"post","link":"https:\/\/blogdoedvaldomagalhaes.com.br\/index.php\/2016\/11\/12\/jovem-de-18-anos-sofre-tentativa-de\/","title":{"rendered":"Jovem de 18 anos sofre tentativa de homic\u00eddio em Caruaru"},"content":{"rendered":"<div class=\"separator\" style=\"clear: both; text-align: center;\">\n<a href=\"https:\/\/1.bp.blogspot.com\/-yzbpxW2pjUM\/WCcYcxVczGI\/AAAAAAAAJsE\/sj33J1KWWHo1veLS6McxwwCamWSEWiqIgCLcB\/s1600\/tentativa.jpg\" imageanchor=\"1\" style=\"margin-left: 1em; margin-right: 1em;\"><img loading=\"lazy\" decoding=\"async\" border=\"0\" height=\"268\" src=\"http:\/\/blogdoedvaldomagalhaes.com.br\/wp-content\/uploads\/2016\/11\/tentativa.jpg\" width=\"400\" \/><\/a><\/div>\n<div style=\"list-style: none; text-align: justify;\">\n<\/div>\n<div style=\"list-style: none; text-align: justify;\">\nA pol\u00edcia tamb\u00e9m registrou uma tentativa de homic\u00eddio na noite desta sexta, na Vila Kennedy. Welliton Leite de Lima, 18 anos, estava na frente de uma resid\u00eancia, na Rua Manoel Geraldo de Albuquerque, quando dois desconhecidos chegaram em uma moto e efetuaram v\u00e1rios tiros.<\/div>\n<div style=\"list-style: none; text-align: justify;\">\n&nbsp;<\/div>\n<div style=\"list-style: none; text-align: justify;\">\nO jovem foi socorrido pelo Samu para o Hospital Regional do Agreste (HRA). Ele foi atingido com um tiro de rasp\u00e3o na cabe\u00e7a e, segundo a equipe m\u00e9dica, n\u00e3o corre risco de morte.<\/div>\n<div style=\"list-style: none; text-align: justify;\">\n<\/div>\n<div style=\"list-style: none; text-align: justify;\">\nCom informa\u00e7\u00f5es da R\u00e1dio Liberdade<\/div>\n","protected":false},"excerpt":{"rendered":"<p>A pol\u00edcia tamb\u00e9m registrou uma tentativa de homic\u00eddio na noite desta sexta, na Vila Kennedy. Welliton Leite de Lima, 18&hellip;<\/p>\n","protected":false},"author":1,"featured_media":0,"comment_status":"open","ping_status":"open","sticky":false,"template":"","format":"standard","meta":{"footnotes":""},"categories":[1],"tags":[2,312,2083,11171,13,334,5676],"class_list":["post-7716","post","type-post","status-publish","format-standard","hentry","category-sem-categoria","tag-blog-do-edvaldo-magalhaes","tag-hospital-regional-do-agreste","tag-hra","tag-jovem-de-18-anos-sofre-tentativa-de-homicidio-em-caruaru","tag-policial","tag-samu","tag-vila-kennedy"],"_links":{"self":[{"href":"https:\/\/blogdoedvaldomagalhaes.com.br\/index.php\/wp-json\/wp\/v2\/posts\/7716","targetHints":{"allow":["GET"]}}],"collection":[{"href":"https:\/\/blogdoedvaldomagalhaes.com.br\/index.php\/wp-json\/wp\/v2\/posts"}],"about":[{"href":"https:\/\/blogdoedvaldomagalhaes.com.br\/index.php\/wp-json\/wp\/v2\/types\/post"}],"author":[{"embeddable":true,"href":"https:\/\/blogdoedvaldomagalhaes.com.br\/index.php\/wp-json\/wp\/v2\/users\/1"}],"replies":[{"embeddable":true,"href":"https:\/\/blogdoedvaldomagalhaes.com.br\/index.php\/wp-json\/wp\/v2\/comments?post=7716"}],"version-history":[{"count":1,"href":"https:\/\/blogdoedvaldomagalhaes.com.br\/index.php\/wp-json\/wp\/v2\/posts\/7716\/revisions"}],"predecessor-version":[{"id":13995,"href":"https:\/\/blogdoedvaldomagalhaes.com.br\/index.php\/wp-json\/wp\/v2\/posts\/7716\/revisions\/13995"}],"wp:attachment":[{"href":"https:\/\/blogdoedvaldomagalhaes.com.br\/index.php\/wp-json\/wp\/v2\/media?parent=7716"}],"wp:term":[{"taxonomy":"category","embeddable":true,"href":"https:\/\/blogdoedvaldomagalhaes.com.br\/index.php\/wp-json\/wp\/v2\/categories?post=7716"},{"taxonomy":"post_tag","embeddable":true,"href":"https:\/\/blogdoedvaldomagalhaes.com.br\/index.php\/wp-json\/wp\/v2\/tags?post=7716"}],"curies":[{"name":"wp","href":"https:\/\/api.w.org\/{rel}","templated":true}]}}