{"id":7715,"date":"2016-11-12T13:31:00","date_gmt":"2016-11-12T15:31:00","guid":{"rendered":"http:\/\/blogdoedvaldomagalhaes.com.br\/index.php\/2016\/11\/12\/paixao-de-cristo-de-nova-jerusalem-fara\/"},"modified":"2019-02-09T01:05:55","modified_gmt":"2019-02-09T03:05:55","slug":"paixao-de-cristo-de-nova-jerusalem-fara","status":"publish","type":"post","link":"https:\/\/blogdoedvaldomagalhaes.com.br\/index.php\/2016\/11\/12\/paixao-de-cristo-de-nova-jerusalem-fara\/","title":{"rendered":"Paix\u00e3o de Cristo de Nova Jerusal\u00e9m far\u00e1 50 anos em 2017"},"content":{"rendered":"<div class=\"separator\" style=\"clear: both; text-align: center;\">\n<a href=\"https:\/\/2.bp.blogspot.com\/-pZ1dLXD2tlg\/WCcZf-X7O9I\/AAAAAAAAJsM\/pelXqagRoaI-z8Na9FsON4MtR6Nkko4NQCLcB\/s1600\/paicx%25C3%25A3i.jpg\" imageanchor=\"1\" style=\"margin-left: 1em; margin-right: 1em;\"><img loading=\"lazy\" decoding=\"async\" border=\"0\" height=\"400\" src=\"http:\/\/blogdoedvaldomagalhaes.com.br\/wp-content\/uploads\/2016\/11\/paicxC3A3i.jpg\" width=\"400\" \/><\/a><\/div>\n<div style=\"list-style: none; text-align: justify;\">\n<\/div>\n<div style=\"list-style: none; text-align: justify;\">\nA Sociedade Teatral de Fazenda Nova (STFN) j\u00e1 est\u00e1 nos preparativos para a Paix\u00e3o de Cristo de Nova Jerusal\u00e9m 2017. A temporada ocorrer\u00e1 no per\u00edodo de 8 a 15 de abril.<\/div>\n<div style=\"list-style: none; text-align: justify;\">\n<\/div>\n<div style=\"list-style: none; text-align: justify;\">\nEm breve, o diretor-presidente da entidade, Robinson Pacheco, revelar\u00e1 para a imprensa o nome do ator que far\u00e1 o papel de Cristo. Ele promete muitas novidades para comemorar os 50 anos de encena\u00e7\u00e3o.<\/div>\n<div style=\"list-style: none; text-align: justify;\">\n<\/div>\n<div style=\"list-style: none; text-align: justify;\">\nNo pr\u00f3ximo m\u00eas de dezembro, parte do elenco estar\u00e1 em Nova Jerusal\u00e9m para grava\u00e7\u00f5es dos v\u00eddeos publicit\u00e1rios.<\/p>\n<div class=\"separator\" style=\"clear: both; text-align: center;\">\n<a href=\"https:\/\/1.bp.blogspot.com\/-jABfiALzqns\/WCdBgDQ7ejI\/AAAAAAAAJs4\/BCGDPptE9agAmjD-5r-pd62daa8mluNWQCLcB\/s1600\/paicx%25C3%25A3o.jpg\" imageanchor=\"1\" style=\"margin-left: 1em; margin-right: 1em;\"><img loading=\"lazy\" decoding=\"async\" border=\"0\" height=\"400\" src=\"http:\/\/blogdoedvaldomagalhaes.com.br\/wp-content\/uploads\/2016\/11\/paicxC3A3o.jpg\" width=\"400\" \/><\/a><\/div>\n<\/div>\n","protected":false},"excerpt":{"rendered":"<p>A Sociedade Teatral de Fazenda Nova (STFN) j\u00e1 est\u00e1 nos preparativos para a Paix\u00e3o de Cristo de Nova Jerusal\u00e9m 2017.&hellip;<\/p>\n","protected":false},"author":1,"featured_media":0,"comment_status":"open","ping_status":"open","sticky":false,"template":"","format":"standard","meta":{"footnotes":""},"categories":[1],"tags":[2,6,8383,11170,1844,11120,11121],"class_list":["post-7715","post","type-post","status-publish","format-standard","hentry","category-sem-categoria","tag-blog-do-edvaldo-magalhaes","tag-noticias","tag-nova-jerusalem","tag-paixao-de-cristo-de-nova-jerusalem-fara-50-anos-em-2017","tag-robinson-pacheco","tag-sociedade-teatral-de-fazenda-nova","tag-stfn"],"_links":{"self":[{"href":"https:\/\/blogdoedvaldomagalhaes.com.br\/index.php\/wp-json\/wp\/v2\/posts\/7715","targetHints":{"allow":["GET"]}}],"collection":[{"href":"https:\/\/blogdoedvaldomagalhaes.com.br\/index.php\/wp-json\/wp\/v2\/posts"}],"about":[{"href":"https:\/\/blogdoedvaldomagalhaes.com.br\/index.php\/wp-json\/wp\/v2\/types\/post"}],"author":[{"embeddable":true,"href":"https:\/\/blogdoedvaldomagalhaes.com.br\/index.php\/wp-json\/wp\/v2\/users\/1"}],"replies":[{"embeddable":true,"href":"https:\/\/blogdoedvaldomagalhaes.com.br\/index.php\/wp-json\/wp\/v2\/comments?post=7715"}],"version-history":[{"count":1,"href":"https:\/\/blogdoedvaldomagalhaes.com.br\/index.php\/wp-json\/wp\/v2\/posts\/7715\/revisions"}],"predecessor-version":[{"id":13998,"href":"https:\/\/blogdoedvaldomagalhaes.com.br\/index.php\/wp-json\/wp\/v2\/posts\/7715\/revisions\/13998"}],"wp:attachment":[{"href":"https:\/\/blogdoedvaldomagalhaes.com.br\/index.php\/wp-json\/wp\/v2\/media?parent=7715"}],"wp:term":[{"taxonomy":"category","embeddable":true,"href":"https:\/\/blogdoedvaldomagalhaes.com.br\/index.php\/wp-json\/wp\/v2\/categories?post=7715"},{"taxonomy":"post_tag","embeddable":true,"href":"https:\/\/blogdoedvaldomagalhaes.com.br\/index.php\/wp-json\/wp\/v2\/tags?post=7715"}],"curies":[{"name":"wp","href":"https:\/\/api.w.org\/{rel}","templated":true}]}}