{"id":7712,"date":"2016-11-12T17:27:00","date_gmt":"2016-11-12T19:27:00","guid":{"rendered":"http:\/\/blogdoedvaldomagalhaes.com.br\/index.php\/2016\/11\/12\/incendio-neste-momento-no-portico-de\/"},"modified":"2019-02-09T01:05:59","modified_gmt":"2019-02-09T03:05:59","slug":"incendio-neste-momento-no-portico-de","status":"publish","type":"post","link":"https:\/\/blogdoedvaldomagalhaes.com.br\/index.php\/2016\/11\/12\/incendio-neste-momento-no-portico-de\/","title":{"rendered":"Veja o inc\u00eandio na Esta\u00e7\u00e3o Ferrovi\u00e1ria em Caruaru"},"content":{"rendered":"<div class=\"separator\" style=\"clear: both; text-align: center;\">\n<a href=\"https:\/\/2.bp.blogspot.com\/-CcIjEw9rUcw\/WCdfVDlNiAI\/AAAAAAAAJtM\/cYwfi5FGj8ALxh2OL3_c6T1rfV4ueaMlwCLcB\/s1600\/03.jpg\" imageanchor=\"1\" style=\"margin-left: 1em; margin-right: 1em;\"><img loading=\"lazy\" decoding=\"async\" border=\"0\" height=\"300\" src=\"http:\/\/blogdoedvaldomagalhaes.com.br\/wp-content\/uploads\/2016\/11\/03-5.jpg\" width=\"400\" \/><\/a><\/div>\n<p><\/p>\n<div class=\"separator\" style=\"clear: both; text-align: center;\">\n<a href=\"https:\/\/2.bp.blogspot.com\/-USsjIBsJezQ\/WCdfW3CE-MI\/AAAAAAAAJtQ\/2mZ88YCYK8MxMGpNXlzCnSk5Ut3Klww4ACLcB\/s1600\/00.jpg\" imageanchor=\"1\" style=\"margin-left: 1em; margin-right: 1em;\"><img loading=\"lazy\" decoding=\"async\" border=\"0\" height=\"225\" src=\"http:\/\/blogdoedvaldomagalhaes.com.br\/wp-content\/uploads\/2016\/11\/00.jpg\" width=\"400\" \/><\/a><\/div>\n<p><\/p>\n<div class=\"separator\" style=\"clear: both; text-align: center;\">\n<a href=\"https:\/\/2.bp.blogspot.com\/-2JYITg-E4oc\/WCdfYbYlmII\/AAAAAAAAJtU\/JXxld-E7X3QaDB38UMYj9NcVFVASjTc1ACLcB\/s1600\/01.jpg\" imageanchor=\"1\" style=\"margin-left: 1em; margin-right: 1em;\"><img loading=\"lazy\" decoding=\"async\" border=\"0\" height=\"298\" src=\"http:\/\/blogdoedvaldomagalhaes.com.br\/wp-content\/uploads\/2016\/11\/01-7.jpg\" width=\"400\" \/><\/a><\/div>\n<p><\/p>\n<div class=\"separator\" style=\"clear: both; text-align: center;\">\n<a href=\"https:\/\/2.bp.blogspot.com\/-8z7Yvj7wgBw\/WCdfaFinxlI\/AAAAAAAAJtY\/wrdsKN8VVfYjtlnePJjZPfUmYV0z3l30gCLcB\/s1600\/02.jpg\" imageanchor=\"1\" style=\"margin-left: 1em; margin-right: 1em;\"><img loading=\"lazy\" decoding=\"async\" border=\"0\" height=\"298\" src=\"http:\/\/blogdoedvaldomagalhaes.com.br\/wp-content\/uploads\/2016\/11\/02-9.jpg\" width=\"400\" \/><\/a><\/div>\n<div class=\"separator\" style=\"clear: both; text-align: center;\">\nFotos: S\u00f3crates da Silva<\/div>\n<p>\nO inc\u00eandio ocorrendo nna tarde deste s\u00e1bado (12), no P\u00f3rtico de entrada da Esta\u00e7\u00e3o Ferrovi\u00e1ria, onde foi aberto o S\u00e3o Jo\u00e3o de Caruaru. Bombeiros militares estiveram no local e apagaram as chamas, por\u00e9m, todo o p\u00f3rtico foi destru\u00eddo pelo fogo, n\u00e3o houve v\u00edtima. A pol\u00edcia far\u00e1 uma investsga\u00e7\u00e3o para saber o que provocou o inc\u00eandio.<\/p>\n<div class=\"separator\" style=\"clear: both; text-align: center;\">\n<\/div>\n<p><\/p>\n<div class=\"separator\" style=\"clear: both; text-align: center;\">\n<a href=\"https:\/\/1.bp.blogspot.com\/-dCOno5Legzc\/WCdhsDzXbEI\/AAAAAAAAJtk\/uhkA8W7QlyMA51aK0ZY2bBy0_7zsAfLGQCLcB\/s1600\/06.jpg\" imageanchor=\"1\" style=\"margin-left: 1em; margin-right: 1em;\"><img loading=\"lazy\" decoding=\"async\" border=\"0\" height=\"225\" src=\"http:\/\/blogdoedvaldomagalhaes.com.br\/wp-content\/uploads\/2016\/11\/06-2.jpg\" width=\"400\" \/><\/a><\/div>\n<p><\/p>\n<div class=\"separator\" style=\"clear: both; text-align: center;\">\n<a href=\"https:\/\/4.bp.blogspot.com\/-BC1oDB5BNRw\/WCdhtRWNawI\/AAAAAAAAJto\/e-2AH9ULfOs8l_3kumJM-xNhqNdk-3BywCLcB\/s1600\/07.jpg\" imageanchor=\"1\" style=\"margin-left: 1em; margin-right: 1em;\"><img loading=\"lazy\" decoding=\"async\" border=\"0\" height=\"223\" src=\"http:\/\/blogdoedvaldomagalhaes.com.br\/wp-content\/uploads\/2016\/11\/07-3.jpg\" width=\"400\" \/><\/a><\/div>\n<p><\/p>\n<div class=\"separator\" style=\"clear: both; text-align: center;\">\n<a href=\"https:\/\/3.bp.blogspot.com\/-0QM6SSZ_fCE\/WCdhusBxUqI\/AAAAAAAAJts\/zebPCB8qdS87wFa-9q1uNawW5ui2rP28gCLcB\/s1600\/08.jpg\" imageanchor=\"1\" style=\"margin-left: 1em; margin-right: 1em;\"><img loading=\"lazy\" decoding=\"async\" border=\"0\" height=\"223\" src=\"http:\/\/blogdoedvaldomagalhaes.com.br\/wp-content\/uploads\/2016\/11\/08-2.jpg\" width=\"400\" \/><\/a><\/div>\n<p><\/p>\n<div class=\"separator\" style=\"clear: both; text-align: center;\">\n<a href=\"https:\/\/2.bp.blogspot.com\/-sAH3Gnup_wM\/WCdhwUEF7VI\/AAAAAAAAJtw\/kCM9yfSaDdIej0octYjfJGSuYXYp4xYsACLcB\/s1600\/09.jpg\" imageanchor=\"1\" style=\"margin-left: 1em; margin-right: 1em;\"><img loading=\"lazy\" decoding=\"async\" border=\"0\" height=\"223\" src=\"http:\/\/blogdoedvaldomagalhaes.com.br\/wp-content\/uploads\/2016\/11\/09-1.jpg\" width=\"400\" \/><\/a><\/div>\n<p><\/p>\n<div class=\"separator\" style=\"clear: both; text-align: center;\">\n<a href=\"https:\/\/1.bp.blogspot.com\/-ApJ9oySM8Qk\/WCdhx93KyeI\/AAAAAAAAJt0\/AfWTERgZoqc0-9rZwc631zGKwaFF6bAFACLcB\/s1600\/10.jpg\" imageanchor=\"1\" style=\"margin-left: 1em; margin-right: 1em;\"><img loading=\"lazy\" decoding=\"async\" border=\"0\" height=\"223\" src=\"http:\/\/blogdoedvaldomagalhaes.com.br\/wp-content\/uploads\/2016\/11\/10-2.jpg\" width=\"400\" \/><\/a><\/div>\n<p><\/p>\n<div class=\"separator\" style=\"clear: both; text-align: center;\">\n<a href=\"https:\/\/4.bp.blogspot.com\/-4N8oi2MM95Q\/WCdhzT8hhDI\/AAAAAAAAJt4\/Vunmb7cJhgkpdRoQUkLDdUSS9lIN9mbsACLcB\/s1600\/11.jpg\" imageanchor=\"1\" style=\"margin-left: 1em; margin-right: 1em;\"><img loading=\"lazy\" decoding=\"async\" border=\"0\" height=\"223\" src=\"http:\/\/blogdoedvaldomagalhaes.com.br\/wp-content\/uploads\/2016\/11\/11-1.jpg\" width=\"400\" \/><\/a><\/div>\n<div class=\"separator\" style=\"clear: both; text-align: center;\">\n<\/div>\n<div class=\"separator\" style=\"clear: both; text-align: center;\">\nFoto: Augusto Eventos<\/div>\n<div class=\"separator\" style=\"clear: both; text-align: center;\">\n<\/div>\n<div style=\"text-align: center;\">\n<div class=\"separator\" style=\"clear: both; text-align: center;\">\n<\/div>\n<p><\/div>\n<div style=\"text-align: center;\">\n<\/div>\n<div class=\"separator\" style=\"clear: both; text-align: center;\">\n<\/div>\n<div class=\"separator\" style=\"clear: both; text-align: justify;\">\nVeja como ficou o local ap\u00f3s o inc\u00eandio:<\/div>\n<div class=\"separator\" style=\"clear: both; text-align: center;\">\n<\/div>\n<div class=\"separator\" style=\"clear: both; text-align: center;\">\n<a href=\"https:\/\/1.bp.blogspot.com\/-bE7o_Zwq238\/WCdrIKnFxkI\/AAAAAAAAJuQ\/V8v3Ip8bwOcrOwcijFUxngB7uZuXKoW3wCLcB\/s1600\/13.jpg\" imageanchor=\"1\" style=\"margin-left: 1em; margin-right: 1em;\"><img loading=\"lazy\" decoding=\"async\" border=\"0\" height=\"298\" src=\"http:\/\/blogdoedvaldomagalhaes.com.br\/wp-content\/uploads\/2016\/11\/13.jpg\" width=\"400\" \/><\/a><\/div>\n<p><\/p>\n<div class=\"separator\" style=\"clear: both; text-align: center;\">\n<a href=\"https:\/\/1.bp.blogspot.com\/-Nk0oyS9hh64\/WCdrLthfPGI\/AAAAAAAAJuU\/pEpzL0gZrJwmE2_dHZMA_5qVyZ5WuOEhwCLcB\/s1600\/14.jpg\" imageanchor=\"1\" style=\"margin-left: 1em; margin-right: 1em;\"><img loading=\"lazy\" decoding=\"async\" border=\"0\" height=\"298\" src=\"http:\/\/blogdoedvaldomagalhaes.com.br\/wp-content\/uploads\/2016\/11\/14.jpg\" width=\"400\" \/><\/a><\/div>\n<p><\/p>\n<div class=\"separator\" style=\"clear: both; text-align: center;\">\n<a href=\"https:\/\/2.bp.blogspot.com\/-nInoHwk-R_Y\/WCdrNnoWugI\/AAAAAAAAJuY\/LhHFuwBWgqMMrN0T98JWtJjllQwsGPYzACLcB\/s1600\/15.jpg\" imageanchor=\"1\" style=\"margin-left: 1em; margin-right: 1em;\"><img loading=\"lazy\" decoding=\"async\" border=\"0\" height=\"298\" src=\"http:\/\/blogdoedvaldomagalhaes.com.br\/wp-content\/uploads\/2016\/11\/15.jpg\" width=\"400\" \/><\/a><\/div>\n<p><\/p>\n<div class=\"separator\" style=\"clear: both; text-align: center;\">\n<a href=\"https:\/\/3.bp.blogspot.com\/-Vtim7GNCbbI\/WCdrPcuyBeI\/AAAAAAAAJuc\/o6RxmxWBH_0x1dC9hK5fZJFmlMKUUBCnwCLcB\/s1600\/16.jpg\" imageanchor=\"1\" style=\"margin-left: 1em; margin-right: 1em;\"><img loading=\"lazy\" decoding=\"async\" border=\"0\" height=\"298\" src=\"http:\/\/blogdoedvaldomagalhaes.com.br\/wp-content\/uploads\/2016\/11\/16.jpg\" width=\"400\" \/><\/a><\/div>\n<p><\/p>\n<div class=\"separator\" style=\"clear: both; text-align: center;\">\n<a href=\"https:\/\/3.bp.blogspot.com\/-bp2uoV3QxCk\/WCdrR4WdalI\/AAAAAAAAJug\/5S_ZJmvWazs_NAOZEndf96xLhp9QKFgvQCLcB\/s1600\/17.jpg\" imageanchor=\"1\" style=\"margin-left: 1em; margin-right: 1em;\"><img loading=\"lazy\" decoding=\"async\" border=\"0\" height=\"298\" src=\"http:\/\/blogdoedvaldomagalhaes.com.br\/wp-content\/uploads\/2016\/11\/17.jpg\" width=\"400\" \/><\/a><\/div>\n<p><\/p>\n<div class=\"separator\" style=\"clear: both; text-align: center;\">\n<a href=\"https:\/\/1.bp.blogspot.com\/-05w7u2OTsx4\/WCdrSv9EeqI\/AAAAAAAAJuk\/27CCu0Kg1aEV4X783K0NqkwH-_C4RZgwgCLcB\/s1600\/18.jpg\" imageanchor=\"1\" style=\"margin-left: 1em; margin-right: 1em;\"><img loading=\"lazy\" decoding=\"async\" border=\"0\" height=\"298\" src=\"http:\/\/blogdoedvaldomagalhaes.com.br\/wp-content\/uploads\/2016\/11\/18.jpg\" width=\"400\" \/><\/a><\/div>\n<div class=\"separator\" style=\"clear: both; text-align: center;\">\n<\/div>\n<div style=\"background-color: white; border: 0px; color: #4b4b4b; margin-bottom: 1.5em; outline: 0px; padding: 0px; text-align: justify; vertical-align: baseline;\">\n<b>A &nbsp;Prefeitura de Caruaru se pronunciou com a seguinte nota:<\/b>&nbsp;<\/div>\n<div style=\"background-color: white; border: 0px; color: #4b4b4b; margin-bottom: 1.5em; outline: 0px; padding: 0px; text-align: justify; vertical-align: baseline;\">\n\u201cSobre o inc\u00eandio no p\u00f3rtico da Esta\u00e7\u00e3o Ferrovi\u00e1ria, a Prefeitura de Caruaru informa que vai aguardar o laudo do Corpo de Bombeiros sobre o que motivou o fogo. A limpeza do local ser\u00e1 realizada hoje e o p\u00f3rtico n\u00e3o ser\u00e1 substitu\u00eddo, j\u00e1 que estamos a 40 dias do final da gest\u00e3o\u201d.<\/div>\n","protected":false},"excerpt":{"rendered":"<p>Fotos: S\u00f3crates da Silva O inc\u00eandio ocorrendo nna tarde deste s\u00e1bado (12), no P\u00f3rtico de entrada da Esta\u00e7\u00e3o Ferrovi\u00e1ria, onde&hellip;<\/p>\n","protected":false},"author":1,"featured_media":0,"comment_status":"open","ping_status":"open","sticky":false,"template":"","format":"standard","meta":{"footnotes":""},"categories":[1],"tags":[2,6,11168],"class_list":["post-7712","post","type-post","status-publish","format-standard","hentry","category-sem-categoria","tag-blog-do-edvaldo-magalhaes","tag-noticias","tag-veja-o-incendio-neste-momento-no-portico-de-entrada-da-estacao-ferroviaria-em-caruaru"],"_links":{"self":[{"href":"https:\/\/blogdoedvaldomagalhaes.com.br\/index.php\/wp-json\/wp\/v2\/posts\/7712","targetHints":{"allow":["GET"]}}],"collection":[{"href":"https:\/\/blogdoedvaldomagalhaes.com.br\/index.php\/wp-json\/wp\/v2\/posts"}],"about":[{"href":"https:\/\/blogdoedvaldomagalhaes.com.br\/index.php\/wp-json\/wp\/v2\/types\/post"}],"author":[{"embeddable":true,"href":"https:\/\/blogdoedvaldomagalhaes.com.br\/index.php\/wp-json\/wp\/v2\/users\/1"}],"replies":[{"embeddable":true,"href":"https:\/\/blogdoedvaldomagalhaes.com.br\/index.php\/wp-json\/wp\/v2\/comments?post=7712"}],"version-history":[{"count":1,"href":"https:\/\/blogdoedvaldomagalhaes.com.br\/index.php\/wp-json\/wp\/v2\/posts\/7712\/revisions"}],"predecessor-version":[{"id":14020,"href":"https:\/\/blogdoedvaldomagalhaes.com.br\/index.php\/wp-json\/wp\/v2\/posts\/7712\/revisions\/14020"}],"wp:attachment":[{"href":"https:\/\/blogdoedvaldomagalhaes.com.br\/index.php\/wp-json\/wp\/v2\/media?parent=7712"}],"wp:term":[{"taxonomy":"category","embeddable":true,"href":"https:\/\/blogdoedvaldomagalhaes.com.br\/index.php\/wp-json\/wp\/v2\/categories?post=7712"},{"taxonomy":"post_tag","embeddable":true,"href":"https:\/\/blogdoedvaldomagalhaes.com.br\/index.php\/wp-json\/wp\/v2\/tags?post=7712"}],"curies":[{"name":"wp","href":"https:\/\/api.w.org\/{rel}","templated":true}]}}