{"id":7708,"date":"2016-11-13T11:56:00","date_gmt":"2016-11-13T13:56:00","guid":{"rendered":"http:\/\/blogdoedvaldomagalhaes.com.br\/index.php\/2016\/11\/13\/caruaru-recebe-workshop-de-r\/"},"modified":"2019-02-09T01:06:00","modified_gmt":"2019-02-09T03:06:00","slug":"caruaru-recebe-workshop-de-r","status":"publish","type":"post","link":"https:\/\/blogdoedvaldomagalhaes.com.br\/index.php\/2016\/11\/13\/caruaru-recebe-workshop-de-r\/","title":{"rendered":"Caruaru recebe workshop de RH Estrat\u00e9gico e inscri\u00e7\u00f5es est\u00e3o abertas"},"content":{"rendered":"<div style=\"background-color: white; text-align: center;\">\n<div class=\"separator\" style=\"clear: both; text-align: center;\">\n<a href=\"https:\/\/2.bp.blogspot.com\/-WpVxo0_M5YM\/WChUqlNpEOI\/AAAAAAAAJwc\/QPxPVNlBCqEgMgvtlrOE-4s5G5zosG6lwCLcB\/s1600\/valdeli.jpg\" imageanchor=\"1\" style=\"margin-left: 1em; margin-right: 1em;\"><img loading=\"lazy\" decoding=\"async\" border=\"0\" height=\"265\" src=\"http:\/\/blogdoedvaldomagalhaes.com.br\/wp-content\/uploads\/2016\/11\/valdeli.jpg\" width=\"400\" \/><\/a><\/div>\n<div>\n<\/div>\n<div>\n<div class=\"MsoNormal\" style=\"line-height: normal; margin-bottom: .0001pt; margin-bottom: 0cm; text-align: justify;\">\nEst\u00e3o abertas as inscri\u00e7\u00f5es para o 1\u00ba Workshop de RH Estrat\u00e9gico em<br \/>\nCaruaru realizado pela Estrat\u00e9gias &amp; Resultados Consultoria em parceria com<br \/>\na Associa\u00e7\u00e3o Brasileira de Recursos Humanos (ABRH) e a Fortes Tecnologia. O<br \/>\nevento ser\u00e1 realizado no pr\u00f3ximo dia 24 de novembro, das 16h \u00e0s 22h.<\/div>\n<div class=\"MsoNormal\" style=\"line-height: normal; margin-bottom: .0001pt; margin-bottom: 0cm; text-align: justify;\">\n<\/div>\n<div class=\"MsoNormal\" style=\"line-height: normal; margin-bottom: .0001pt; margin-bottom: 0cm; text-align: justify;\">\nO workshop tem como objetivo identificar a import\u00e2ncia e o papel do profissional<br \/>\nde RH Estrat\u00e9gico para a melhoria da atua\u00e7\u00e3o nas empresas e ser\u00e1 ministrado<br \/>\npelas consultoras em gest\u00e3o, Vanderli Paes e C\u00e1tia Maciel. Entre os conte\u00fados<br \/>\nprogram\u00e1ticos, temas como: reflex\u00e3o sobre o papel estrat\u00e9gico do profissional<br \/>\nde RH; como identificar as oportunidades e os principais desafios do<br \/>\nprofissional; for\u00e7as e fraquezas do profissional de RH de Caruaru;<br \/>\ndesenvolvimento de estrat\u00e9gias para o profissional de RH; reflex\u00e3o sobre a<br \/>\npostura, comportamentos e atitudes para o trabalho eficaz na empresa e<br \/>\nplanejamento estrat\u00e9gico do profissional de RH.<\/div>\n<div class=\"MsoNormal\" style=\"line-height: normal; margin-bottom: .0001pt; margin-bottom: 0cm; text-align: justify;\">\n<\/div>\n<div class=\"MsoNormal\" style=\"line-height: normal; margin-bottom: .0001pt; margin-bottom: 0cm; text-align: justify;\">\nO investimento \u00e9 de R$ 120,00 (cento e vinte reais). A Estrat\u00e9gias &amp;<br \/>\nResultados Consultoria funciona na Rua Visconde de Inha\u00fama, 371, no bairro<br \/>\nMaur\u00edcio de Nassau. Outras informa\u00e7\u00f5es: (81) 3722.6283.<\/div>\n<div class=\"MsoNormal\" style=\"line-height: normal; margin-bottom: .0001pt; margin-bottom: 0cm; text-align: justify;\">\n<\/div>\n<div class=\"MsoNormal\" style=\"line-height: normal; margin-bottom: .0001pt; margin-bottom: 0cm; text-align: justify;\">\n<b>Perfil das Consultoras:<\/b><\/div>\n<div class=\"MsoNormal\" style=\"line-height: normal; margin-bottom: .0001pt; margin-bottom: 0cm; text-align: justify;\">\n<\/div>\n<div class=\"MsoNormal\" style=\"line-height: normal; margin-bottom: .0001pt; margin-bottom: 0cm; text-align: justify;\">\nC\u00e1tia Maciel &#8211; Administradora, consultora em gest\u00e3o empresarial,<br \/>\nespecializada em gest\u00e3o de pessoas e gest\u00e3o do conhecimento.<\/div>\n<div class=\"MsoNormal\" style=\"line-height: normal; margin-bottom: .0001pt; margin-bottom: 0cm; text-align: justify;\">\n<\/div>\n<div class=\"MsoNormal\" style=\"line-height: normal; margin-bottom: .0001pt; margin-bottom: 0cm; text-align: justify;\">\nVanderli Paes &#8211; Psicanalista, consultora em gest\u00e3o estrat\u00e9gica e de<br \/>\nrecursos humanos, especializada em desenvolvimento gerencial e de equipes.<\/div>\n<\/div>\n<\/div>\n","protected":false},"excerpt":{"rendered":"<p>Est\u00e3o abertas as inscri\u00e7\u00f5es para o 1\u00ba Workshop de RH Estrat\u00e9gico em Caruaru realizado pela Estrat\u00e9gias &amp; Resultados Consultoria em&hellip;<\/p>\n","protected":false},"author":1,"featured_media":0,"comment_status":"open","ping_status":"open","sticky":false,"template":"","format":"standard","meta":{"footnotes":""},"categories":[1],"tags":[2,11161,5289,6,5292],"class_list":["post-7708","post","type-post","status-publish","format-standard","hentry","category-sem-categoria","tag-blog-do-edvaldo-magalhaes","tag-caruaru-recebe-workshop-de-rh-estrategico-e-inscricoes-estao-abertas","tag-catia-maciel","tag-noticias","tag-vanderli-paes"],"_links":{"self":[{"href":"https:\/\/blogdoedvaldomagalhaes.com.br\/index.php\/wp-json\/wp\/v2\/posts\/7708","targetHints":{"allow":["GET"]}}],"collection":[{"href":"https:\/\/blogdoedvaldomagalhaes.com.br\/index.php\/wp-json\/wp\/v2\/posts"}],"about":[{"href":"https:\/\/blogdoedvaldomagalhaes.com.br\/index.php\/wp-json\/wp\/v2\/types\/post"}],"author":[{"embeddable":true,"href":"https:\/\/blogdoedvaldomagalhaes.com.br\/index.php\/wp-json\/wp\/v2\/users\/1"}],"replies":[{"embeddable":true,"href":"https:\/\/blogdoedvaldomagalhaes.com.br\/index.php\/wp-json\/wp\/v2\/comments?post=7708"}],"version-history":[{"count":1,"href":"https:\/\/blogdoedvaldomagalhaes.com.br\/index.php\/wp-json\/wp\/v2\/posts\/7708\/revisions"}],"predecessor-version":[{"id":14033,"href":"https:\/\/blogdoedvaldomagalhaes.com.br\/index.php\/wp-json\/wp\/v2\/posts\/7708\/revisions\/14033"}],"wp:attachment":[{"href":"https:\/\/blogdoedvaldomagalhaes.com.br\/index.php\/wp-json\/wp\/v2\/media?parent=7708"}],"wp:term":[{"taxonomy":"category","embeddable":true,"href":"https:\/\/blogdoedvaldomagalhaes.com.br\/index.php\/wp-json\/wp\/v2\/categories?post=7708"},{"taxonomy":"post_tag","embeddable":true,"href":"https:\/\/blogdoedvaldomagalhaes.com.br\/index.php\/wp-json\/wp\/v2\/tags?post=7708"}],"curies":[{"name":"wp","href":"https:\/\/api.w.org\/{rel}","templated":true}]}}