{"id":77059,"date":"2021-11-05T14:33:21","date_gmt":"2021-11-05T17:33:21","guid":{"rendered":"https:\/\/blogdoedvaldomagalhaes.com.br\/?p=77059"},"modified":"2021-11-05T14:33:23","modified_gmt":"2021-11-05T17:33:23","slug":"chegam-a-pernambuco-mais-de-290-mil-doses-de-vacinas-da-pfizer","status":"publish","type":"post","link":"https:\/\/blogdoedvaldomagalhaes.com.br\/index.php\/2021\/11\/05\/chegam-a-pernambuco-mais-de-290-mil-doses-de-vacinas-da-pfizer\/","title":{"rendered":"Chegam a Pernambuco mais de 290 mil doses de vacinas da Pfizer"},"content":{"rendered":"<p style=\"text-align: justify;\">Nessa quinta-feira (05), Pernambuco recebeu mais 293.670 doses de vacinas da Pfizer\/BioNTech. O montante chegou ao Aeroporto Internacional do Recife\/Guararapes \u2013 Gilberto Freyre e foi levado diretamente para sede do Programa Estadual de Imuniza\u00e7\u00e3o (PEI-PE), onde os imunizantes passam pelo processo de checagem e confer\u00eancia de temperatura e s\u00e3o separados para encaminhamento \u00e0s 12 Ger\u00eancias Regionais de Sa\u00fade (Geres).<\/p>\n<p style=\"text-align: justify;\">As 293.670 unidades recebidas ser\u00e3o utilizadas para iniciar novos esquemas vacinais na popula\u00e7\u00e3o com faixa et\u00e1ria entre 12 e 17 anos, al\u00e9m da aplica\u00e7\u00e3o de segundas doses em pessoas acima dos 18 anos e como doses de refor\u00e7o para trabalhadores da sa\u00fade e idosos acima dos 60 anos de idade, que devem ser aplicadas seis meses ap\u00f3s a \u00faltima dose do esquema vacinal (segunda dose ou dose \u00fanica).<\/p>\n<p style=\"text-align: justify;\">Com a chegada do novo quantitativo, o Programa Estadual de Imuniza\u00e7\u00e3o destaca a import\u00e2ncia de completar o esquema vacinal e, quando for o momento, fortalecer a prote\u00e7\u00e3o com a dose de refor\u00e7o. \u201cA circula\u00e7\u00e3o do v\u00edrus ainda existe e precisamos garantir que a popula\u00e7\u00e3o pernambucana tenha acesso aos imunizantes em seus munic\u00edpios. \u00c9 primordial que todos recebam a vacina e, acima de tudo, completem seus esquemas vacinais e adquiram a resposta adequada ao v\u00edrus\u201d, observou a superintendente de Imuniza\u00e7\u00f5es da SES-PE, Ana Catarina.<\/p>\n<p style=\"text-align: justify;\">Desde o in\u00edcio da campanha, em janeiro deste ano, Pernambuco j\u00e1 recebeu 14.725.993 doses de vacinas contra a Covid-19. Desse total, foram 4.879.420 da Astrazeneca\/Oxford\/Fiocruz, 4.287.253 da Coronavac\/Butantan, 5.385.510 da Pfizer\/BioNTech e 173.810 da Janssen.<\/p>\n<p style=\"text-align: justify;\">Fotos: H\u00e9lia Scheppa\/Arquivo\/SEI<\/p>\n","protected":false},"excerpt":{"rendered":"<p>Nessa quinta-feira (05), Pernambuco recebeu mais 293.670 doses de vacinas da Pfizer\/BioNTech. O montante chegou ao Aeroporto Internacional do Recife\/Guararapes&hellip;<\/p>\n","protected":false},"author":1,"featured_media":77060,"comment_status":"open","ping_status":"open","sticky":false,"template":"","format":"standard","meta":{"footnotes":""},"categories":[14120],"tags":[2,19532,3406,23308,6],"class_list":["post-77059","post","type-post","status-publish","format-standard","has-post-thumbnail","hentry","category-noticias","tag-blog-do-edvaldo-magalhaes","tag-blog-mais-acessado-e-visualizado-de-caruaru-e-regiao","tag-caruaru","tag-chegam-a-pernambuco-mais-de-290-mil-doses-de-vacinas-da-pfizer","tag-noticias"],"_links":{"self":[{"href":"https:\/\/blogdoedvaldomagalhaes.com.br\/index.php\/wp-json\/wp\/v2\/posts\/77059","targetHints":{"allow":["GET"]}}],"collection":[{"href":"https:\/\/blogdoedvaldomagalhaes.com.br\/index.php\/wp-json\/wp\/v2\/posts"}],"about":[{"href":"https:\/\/blogdoedvaldomagalhaes.com.br\/index.php\/wp-json\/wp\/v2\/types\/post"}],"author":[{"embeddable":true,"href":"https:\/\/blogdoedvaldomagalhaes.com.br\/index.php\/wp-json\/wp\/v2\/users\/1"}],"replies":[{"embeddable":true,"href":"https:\/\/blogdoedvaldomagalhaes.com.br\/index.php\/wp-json\/wp\/v2\/comments?post=77059"}],"version-history":[{"count":1,"href":"https:\/\/blogdoedvaldomagalhaes.com.br\/index.php\/wp-json\/wp\/v2\/posts\/77059\/revisions"}],"predecessor-version":[{"id":77061,"href":"https:\/\/blogdoedvaldomagalhaes.com.br\/index.php\/wp-json\/wp\/v2\/posts\/77059\/revisions\/77061"}],"wp:featuredmedia":[{"embeddable":true,"href":"https:\/\/blogdoedvaldomagalhaes.com.br\/index.php\/wp-json\/wp\/v2\/media\/77060"}],"wp:attachment":[{"href":"https:\/\/blogdoedvaldomagalhaes.com.br\/index.php\/wp-json\/wp\/v2\/media?parent=77059"}],"wp:term":[{"taxonomy":"category","embeddable":true,"href":"https:\/\/blogdoedvaldomagalhaes.com.br\/index.php\/wp-json\/wp\/v2\/categories?post=77059"},{"taxonomy":"post_tag","embeddable":true,"href":"https:\/\/blogdoedvaldomagalhaes.com.br\/index.php\/wp-json\/wp\/v2\/tags?post=77059"}],"curies":[{"name":"wp","href":"https:\/\/api.w.org\/{rel}","templated":true}]}}