{"id":77050,"date":"2021-11-04T21:57:59","date_gmt":"2021-11-05T00:57:59","guid":{"rendered":"https:\/\/blogdoedvaldomagalhaes.com.br\/?p=77050"},"modified":"2021-11-04T22:33:48","modified_gmt":"2021-11-05T01:33:48","slug":"eleicao-do-central-esta-marcada-para-quinta-feira-11","status":"publish","type":"post","link":"https:\/\/blogdoedvaldomagalhaes.com.br\/index.php\/2021\/11\/04\/eleicao-do-central-esta-marcada-para-quinta-feira-11\/","title":{"rendered":"Elei\u00e7\u00e3o do Central est\u00e1 marcada para quinta-feira (11)"},"content":{"rendered":"<p style=\"text-align: justify;\">Ap\u00f3s reuni\u00e3o do Conselho Deliberativo na noite desta quinta-feira (04), na Sala de Imprensa do Lacerd\u00e3o, ficou definido a nova data das elei\u00e7\u00f5es do Central Sport Club.<\/p>\n<p style=\"text-align: justify;\">O pleito ser\u00e1 realizado na pr\u00f3xima quinta-feira (11).<\/p>\n<p style=\"text-align: justify;\">Duas chapas v\u00e3o disputar o voto dos s\u00f3cios aptos e decidirem a pr\u00f3xima diretoria do Alvinegro Caruaruense. Os s\u00f3cios v\u00e3o eleger o novo Conselho Deliberativo, que tem como presidente em uma chapa o advogado Milton Figueiredo, e na outra chapa o ex-presidente Sivaldo Oliveira.<\/p>\n<p style=\"text-align: justify;\">Milton Figueiredo sendo eleito, dar\u00e1 posse a Airton J\u00fanior como presidente da diretoria Executiva. Enquanto que, se Sivaldo Oliveira for eleito, dar\u00e1 posse a Adauto Freire na presid\u00eancia da diretoria Executiva.<\/p>\n<p style=\"text-align: justify;\">Foto: Warley Santos.<\/p>\n","protected":false},"excerpt":{"rendered":"<p>Ap\u00f3s reuni\u00e3o do Conselho Deliberativo na noite desta quinta-feira (04), na Sala de Imprensa do Lacerd\u00e3o, ficou definido a nova&hellip;<\/p>\n","protected":false},"author":1,"featured_media":77051,"comment_status":"open","ping_status":"open","sticky":false,"template":"","format":"standard","meta":{"footnotes":""},"categories":[14124,14123],"tags":[2,19532,3406,23307,3,6],"class_list":["post-77050","post","type-post","status-publish","format-standard","has-post-thumbnail","hentry","category-centralsc","category-futebol","tag-blog-do-edvaldo-magalhaes","tag-blog-mais-acessado-e-visualizado-de-caruaru-e-regiao","tag-caruaru","tag-eleicao-do-central-esta-marcada-para-quinta-feira-11","tag-futebol","tag-noticias"],"_links":{"self":[{"href":"https:\/\/blogdoedvaldomagalhaes.com.br\/index.php\/wp-json\/wp\/v2\/posts\/77050","targetHints":{"allow":["GET"]}}],"collection":[{"href":"https:\/\/blogdoedvaldomagalhaes.com.br\/index.php\/wp-json\/wp\/v2\/posts"}],"about":[{"href":"https:\/\/blogdoedvaldomagalhaes.com.br\/index.php\/wp-json\/wp\/v2\/types\/post"}],"author":[{"embeddable":true,"href":"https:\/\/blogdoedvaldomagalhaes.com.br\/index.php\/wp-json\/wp\/v2\/users\/1"}],"replies":[{"embeddable":true,"href":"https:\/\/blogdoedvaldomagalhaes.com.br\/index.php\/wp-json\/wp\/v2\/comments?post=77050"}],"version-history":[{"count":4,"href":"https:\/\/blogdoedvaldomagalhaes.com.br\/index.php\/wp-json\/wp\/v2\/posts\/77050\/revisions"}],"predecessor-version":[{"id":77056,"href":"https:\/\/blogdoedvaldomagalhaes.com.br\/index.php\/wp-json\/wp\/v2\/posts\/77050\/revisions\/77056"}],"wp:featuredmedia":[{"embeddable":true,"href":"https:\/\/blogdoedvaldomagalhaes.com.br\/index.php\/wp-json\/wp\/v2\/media\/77051"}],"wp:attachment":[{"href":"https:\/\/blogdoedvaldomagalhaes.com.br\/index.php\/wp-json\/wp\/v2\/media?parent=77050"}],"wp:term":[{"taxonomy":"category","embeddable":true,"href":"https:\/\/blogdoedvaldomagalhaes.com.br\/index.php\/wp-json\/wp\/v2\/categories?post=77050"},{"taxonomy":"post_tag","embeddable":true,"href":"https:\/\/blogdoedvaldomagalhaes.com.br\/index.php\/wp-json\/wp\/v2\/tags?post=77050"}],"curies":[{"name":"wp","href":"https:\/\/api.w.org\/{rel}","templated":true}]}}