{"id":77046,"date":"2021-11-04T20:25:12","date_gmt":"2021-11-04T23:25:12","guid":{"rendered":"https:\/\/blogdoedvaldomagalhaes.com.br\/?p=77046"},"modified":"2021-11-04T21:17:06","modified_gmt":"2021-11-05T00:17:06","slug":"feira-cultural-do-alto-do-moura-tera-mais-uma-edicao-neste-domingo-07","status":"publish","type":"post","link":"https:\/\/blogdoedvaldomagalhaes.com.br\/index.php\/2021\/11\/04\/feira-cultural-do-alto-do-moura-tera-mais-uma-edicao-neste-domingo-07\/","title":{"rendered":"Feira Cultural do Alto do Moura ter\u00e1 mais uma edi\u00e7\u00e3o neste domingo (07)"},"content":{"rendered":"<p style=\"text-align: justify;\">A 5\u00aa edi\u00e7\u00e3o da Feira Cultural do Alto do Moura, em Caruaru, acontecer\u00e1 neste domingo (07). A iniciativa \u00e9 dos artes\u00e3os da comunidade e conta com apoio da Funda\u00e7\u00e3o de Cultura.<\/p>\n<p style=\"text-align: justify;\">Al\u00e9m de obras dos artistas dispon\u00edveis para venda, a feira contar\u00e1 com uma programa\u00e7\u00e3o na \u00e1rea do Centro de Atendimento ao Turista (CAT), das 9h \u00e0s 17h. Os consumidores que forem ao local ir\u00e3o mergulhar no universo da cultura popular, com muita arte, poesia e m\u00fasica.<\/p>\n","protected":false},"excerpt":{"rendered":"<p>A 5\u00aa edi\u00e7\u00e3o da Feira Cultural do Alto do Moura, em Caruaru, acontecer\u00e1 neste domingo (07). A iniciativa \u00e9 dos&hellip;<\/p>\n","protected":false},"author":1,"featured_media":77047,"comment_status":"open","ping_status":"open","sticky":false,"template":"","format":"standard","meta":{"footnotes":""},"categories":[14120],"tags":[2,19532,3406,23306,6],"class_list":["post-77046","post","type-post","status-publish","format-standard","has-post-thumbnail","hentry","category-noticias","tag-blog-do-edvaldo-magalhaes","tag-blog-mais-acessado-e-visualizado-de-caruaru-e-regiao","tag-caruaru","tag-feira-cultural-do-alto-do-moura-tera-mais-uma-edicao-neste-domingo-07","tag-noticias"],"_links":{"self":[{"href":"https:\/\/blogdoedvaldomagalhaes.com.br\/index.php\/wp-json\/wp\/v2\/posts\/77046","targetHints":{"allow":["GET"]}}],"collection":[{"href":"https:\/\/blogdoedvaldomagalhaes.com.br\/index.php\/wp-json\/wp\/v2\/posts"}],"about":[{"href":"https:\/\/blogdoedvaldomagalhaes.com.br\/index.php\/wp-json\/wp\/v2\/types\/post"}],"author":[{"embeddable":true,"href":"https:\/\/blogdoedvaldomagalhaes.com.br\/index.php\/wp-json\/wp\/v2\/users\/1"}],"replies":[{"embeddable":true,"href":"https:\/\/blogdoedvaldomagalhaes.com.br\/index.php\/wp-json\/wp\/v2\/comments?post=77046"}],"version-history":[{"count":1,"href":"https:\/\/blogdoedvaldomagalhaes.com.br\/index.php\/wp-json\/wp\/v2\/posts\/77046\/revisions"}],"predecessor-version":[{"id":77048,"href":"https:\/\/blogdoedvaldomagalhaes.com.br\/index.php\/wp-json\/wp\/v2\/posts\/77046\/revisions\/77048"}],"wp:featuredmedia":[{"embeddable":true,"href":"https:\/\/blogdoedvaldomagalhaes.com.br\/index.php\/wp-json\/wp\/v2\/media\/77047"}],"wp:attachment":[{"href":"https:\/\/blogdoedvaldomagalhaes.com.br\/index.php\/wp-json\/wp\/v2\/media?parent=77046"}],"wp:term":[{"taxonomy":"category","embeddable":true,"href":"https:\/\/blogdoedvaldomagalhaes.com.br\/index.php\/wp-json\/wp\/v2\/categories?post=77046"},{"taxonomy":"post_tag","embeddable":true,"href":"https:\/\/blogdoedvaldomagalhaes.com.br\/index.php\/wp-json\/wp\/v2\/tags?post=77046"}],"curies":[{"name":"wp","href":"https:\/\/api.w.org\/{rel}","templated":true}]}}