{"id":76769,"date":"2021-10-28T20:17:11","date_gmt":"2021-10-28T23:17:11","guid":{"rendered":"https:\/\/blogdoedvaldomagalhaes.com.br\/?p=76769"},"modified":"2021-10-28T20:17:13","modified_gmt":"2021-10-28T23:17:13","slug":"deputado-tony-gel-esta-recuperado-da-covid-19","status":"publish","type":"post","link":"https:\/\/blogdoedvaldomagalhaes.com.br\/index.php\/2021\/10\/28\/deputado-tony-gel-esta-recuperado-da-covid-19\/","title":{"rendered":"Deputado Tony Gel est\u00e1 recuperado da covid-19"},"content":{"rendered":"<p style=\"text-align: justify;\"><span style=\"font-size: inherit;\">Exames recebidos nesta quinta-feira (28), mostram que o Deputado Estadual Tony Gel (MDB), est\u00e1 recuperado da Covid-19. O parlamentar que cumpriu rigorosamente as orienta\u00e7\u00f5es m\u00e9dicas, ficou muito feliz com o resultado.<\/span><\/p>\n<p style=\"text-align: justify;\">E, ap\u00f3s cumprir quarentena, Tony Gel retoma nesta sexta-feira 29, as atividades pol\u00edticas. \u00c0s 10h o deputado vai participar no Pal\u00e1cio do Campo das Princesas, do lan\u00e7amento do Projeto de Triplica\u00e7ao da BR-232, que ser\u00e1 apresentado pelo Governador Paulo C\u00e2mara.<\/p>\n","protected":false},"excerpt":{"rendered":"<p>Exames recebidos nesta quinta-feira (28), mostram que o Deputado Estadual Tony Gel (MDB), est\u00e1 recuperado da Covid-19. O parlamentar que&hellip;<\/p>\n","protected":false},"author":1,"featured_media":76770,"comment_status":"open","ping_status":"open","sticky":false,"template":"","format":"standard","meta":{"footnotes":""},"categories":[14122],"tags":[2,19532,3406,23249,6,20],"class_list":["post-76769","post","type-post","status-publish","format-standard","has-post-thumbnail","hentry","category-politica","tag-blog-do-edvaldo-magalhaes","tag-blog-mais-acessado-e-visualizado-de-caruaru-e-regiao","tag-caruaru","tag-deputado-tony-gel-esta-recuperado-da-covid-19","tag-noticias","tag-politica"],"_links":{"self":[{"href":"https:\/\/blogdoedvaldomagalhaes.com.br\/index.php\/wp-json\/wp\/v2\/posts\/76769","targetHints":{"allow":["GET"]}}],"collection":[{"href":"https:\/\/blogdoedvaldomagalhaes.com.br\/index.php\/wp-json\/wp\/v2\/posts"}],"about":[{"href":"https:\/\/blogdoedvaldomagalhaes.com.br\/index.php\/wp-json\/wp\/v2\/types\/post"}],"author":[{"embeddable":true,"href":"https:\/\/blogdoedvaldomagalhaes.com.br\/index.php\/wp-json\/wp\/v2\/users\/1"}],"replies":[{"embeddable":true,"href":"https:\/\/blogdoedvaldomagalhaes.com.br\/index.php\/wp-json\/wp\/v2\/comments?post=76769"}],"version-history":[{"count":1,"href":"https:\/\/blogdoedvaldomagalhaes.com.br\/index.php\/wp-json\/wp\/v2\/posts\/76769\/revisions"}],"predecessor-version":[{"id":76771,"href":"https:\/\/blogdoedvaldomagalhaes.com.br\/index.php\/wp-json\/wp\/v2\/posts\/76769\/revisions\/76771"}],"wp:featuredmedia":[{"embeddable":true,"href":"https:\/\/blogdoedvaldomagalhaes.com.br\/index.php\/wp-json\/wp\/v2\/media\/76770"}],"wp:attachment":[{"href":"https:\/\/blogdoedvaldomagalhaes.com.br\/index.php\/wp-json\/wp\/v2\/media?parent=76769"}],"wp:term":[{"taxonomy":"category","embeddable":true,"href":"https:\/\/blogdoedvaldomagalhaes.com.br\/index.php\/wp-json\/wp\/v2\/categories?post=76769"},{"taxonomy":"post_tag","embeddable":true,"href":"https:\/\/blogdoedvaldomagalhaes.com.br\/index.php\/wp-json\/wp\/v2\/tags?post=76769"}],"curies":[{"name":"wp","href":"https:\/\/api.w.org\/{rel}","templated":true}]}}