{"id":76766,"date":"2021-10-28T18:10:14","date_gmt":"2021-10-28T21:10:14","guid":{"rendered":"https:\/\/blogdoedvaldomagalhaes.com.br\/?p=76766"},"modified":"2021-10-28T18:10:17","modified_gmt":"2021-10-28T21:10:17","slug":"liberados-eventos-diarios-em-qualquer-horario-e-com-ate-5-mil-pessoas-estadios-terao-30-da-capacidade","status":"publish","type":"post","link":"https:\/\/blogdoedvaldomagalhaes.com.br\/index.php\/2021\/10\/28\/liberados-eventos-diarios-em-qualquer-horario-e-com-ate-5-mil-pessoas-estadios-terao-30-da-capacidade\/","title":{"rendered":"Liberados eventos di\u00e1rios em qualquer hor\u00e1rio e com at\u00e9 5 mil pessoas, est\u00e1dios ter\u00e3o 30% da capacidade"},"content":{"rendered":"<p style=\"text-align: justify;\">O Governo de Pernambuco anunciou, durante coletiva de imprensa, nesta quinta-feira (28.10), a autoriza\u00e7\u00e3o para amplia\u00e7\u00e3o do p\u00fablico nos est\u00e1dios de futebol profissional para at\u00e9 30% da capacidade do local. Al\u00e9m disso, outras atividades econ\u00f4micas, a exemplo dos eventos culturais, sociais e corporativos, bares e restaurantes, clubes sociais, cinemas, teatros, circos, academias e shoppings poder\u00e3o funcionar todos os dias da semana, sem restri\u00e7\u00e3o de hor\u00e1rio. As mudan\u00e7as passam a valer nesta segunda-feira (01.11) em todo o Estado.<\/p>\n<p style=\"text-align: justify;\">Participaram da coletiva os secret\u00e1rios Andr\u00e9 Longo (Sa\u00fade) e Rodrigo Novaes (Turismo e Lazer), al\u00e9m da secret\u00e1ria-executiva de Desenvolvimento Econ\u00f4mico, Ana Paula Vila\u00e7a. Segundo ela, mesmo com os novos an\u00fancios, permanece necess\u00e1rio o controle seguro do esquema vacinal. Em rela\u00e7\u00e3o \u00e0s competi\u00e7\u00f5es esportivas, eventos sociais, culturais e corporativos, shows, bailes e vaquejadas, o limite de p\u00fablico passa a ser de cinco mil pessoas ou 80% da capacidade do local, o que for menor. \u201cEm todas as modalidades de eventos e shows ainda \u00e9 preciso seguir a regra de que no m\u00ednimo 50% das pessoas presentes no espa\u00e7o devem estar acomodadas em mesas e cadeiras\u201d, acrescentou.<br \/>\nCinemas, teatros, circos e museus poder\u00e3o funcionar com 100% da capacidade. Em rela\u00e7\u00e3o aos cinemas, teatros e circos ser\u00e1 preciso realizar o controle vacinal, a partir de 300 pessoas. Os produtores de eventos podem continuar contando com a plataforma Passe Seguro, selo lan\u00e7ado pelo Governo de Pernambuco que certifica os aplicativos que garantem o acesso, com agilidade e seguran\u00e7a, a eventos e shows.<\/p>\n<h2 style=\"text-align: justify;\">FERNANDO DE NORONHA<\/h2>\n<p style=\"text-align: justify;\">Durante a coletiva tamb\u00e9m foram anunciadas flexibiliza\u00e7\u00f5es espec\u00edficas para o Arquip\u00e9lago de Fernando de Noronha. A partir desta segunda-feira, est\u00e1 autorizada a divulga\u00e7\u00e3o de festas de r\u00e9veillon na ilha, inclusive em espa\u00e7os p\u00fablicos. Por enquanto n\u00e3o h\u00e1 previs\u00e3o de libera\u00e7\u00e3o da festividade em outras regi\u00f5es do Estado. Al\u00e9m disso, o uso de m\u00e1scara em locais abertos sem aglomera\u00e7\u00f5es, em Fernando de Noronha, deixar\u00e1 de ser obrigat\u00f3rio a partir do dia 17 de novembro.<\/p>\n<p style=\"text-align: justify;\">\u201cInfelizmente, essa conquista n\u00e3o pode ser estendida ao restante do Estado, porque ainda n\u00e3o h\u00e1 condi\u00e7\u00f5es sanit\u00e1rias para tanto. Precisamos avan\u00e7ar mais na vacina\u00e7\u00e3o para que medidas como essas possam chegar ao continente. Estamos com apenas 60% da popula\u00e7\u00e3o eleg\u00edvel completamente imunizada e temos mais de 500 mil pernambucanos com a segunda dose em atraso\u201d, frisou o secret\u00e1rio estadual de Sa\u00fade, Andr\u00e9 Longo. Ainda em Fernando de Noronha, a partir do dia 1\u00ba de dezembro s\u00f3 ser\u00e1 permitido desembarcar com a apresenta\u00e7\u00e3o da carteira de vacina\u00e7\u00e3o digital com as duas doses da vacina ou vacina de dose \u00fanica.<\/p>\n<h2 style=\"text-align: justify;\">VACINA SIM<\/h2>\n<p style=\"text-align: justify;\">Desde o come\u00e7o da vacina\u00e7\u00e3o contra a Covid-19, 95% dos registros de casos graves confirmados envolveram pacientes que n\u00e3o estavam com ciclo vacinal completo. De acordo com levantamento da Secretaria Estadual de Sa\u00fade, nesse per\u00edodo o Estado confirmou 22.968 casos de S\u00edndrome Respirat\u00f3ria Aguda Grave (Srag) com o novo coronav\u00edrus. Desse total, 74% dos pacientes (16.987) n\u00e3o haviam tomado nenhuma vacina contra a doen\u00e7a e 20% (4.487) s\u00f3 tinham tomado uma dose. Al\u00e9m disso, outros 331 pacientes (1%), apesar de terem tomado duas doses, adoeceram antes do prazo em que o imunizante garante a prote\u00e7\u00e3o.<\/p>\n<p style=\"text-align: justify;\">\u201cOs n\u00fameros e o relato dos hospitais nos mostram claramente que as vacinas s\u00e3o eficazes contra a Covid-19. Com o ciclo completo, a chance de contamina\u00e7\u00e3o com a forma grave da doen\u00e7a e de morrer s\u00e3o muito menores. Gra\u00e7as \u00e0 vacina, estamos conseguindo reverter o cen\u00e1rio da pandemia no nosso Estado, e \u00e9 o indicador da vacina\u00e7\u00e3o que vai permitir novas conquistas no Plano de Conviv\u00eancia\u201d, destacou Andr\u00e9 Longo. O levantamento foi feito a partir do cruzamento do Notifica PE com o Sistema de Informa\u00e7\u00f5es do Programa Nacional de Imuniza\u00e7\u00f5es (SIPNI).<\/p>\n<p style=\"text-align: justify;\">Fotos: H\u00e9lia Scheppa\/SEI<\/p>\n","protected":false},"excerpt":{"rendered":"<p>O Governo de Pernambuco anunciou, durante coletiva de imprensa, nesta quinta-feira (28.10), a autoriza\u00e7\u00e3o para amplia\u00e7\u00e3o do p\u00fablico nos est\u00e1dios&hellip;<\/p>\n","protected":false},"author":1,"featured_media":76767,"comment_status":"open","ping_status":"open","sticky":false,"template":"","format":"standard","meta":{"footnotes":""},"categories":[14120],"tags":[2,19532,3406,23248,6],"class_list":["post-76766","post","type-post","status-publish","format-standard","has-post-thumbnail","hentry","category-noticias","tag-blog-do-edvaldo-magalhaes","tag-blog-mais-acessado-e-visualizado-de-caruaru-e-regiao","tag-caruaru","tag-liberados-eventos-diarios-em-qualquer-horario-e-com-ate-5-mil-pessoas-estadios-terao-30-da-capacidade","tag-noticias"],"_links":{"self":[{"href":"https:\/\/blogdoedvaldomagalhaes.com.br\/index.php\/wp-json\/wp\/v2\/posts\/76766","targetHints":{"allow":["GET"]}}],"collection":[{"href":"https:\/\/blogdoedvaldomagalhaes.com.br\/index.php\/wp-json\/wp\/v2\/posts"}],"about":[{"href":"https:\/\/blogdoedvaldomagalhaes.com.br\/index.php\/wp-json\/wp\/v2\/types\/post"}],"author":[{"embeddable":true,"href":"https:\/\/blogdoedvaldomagalhaes.com.br\/index.php\/wp-json\/wp\/v2\/users\/1"}],"replies":[{"embeddable":true,"href":"https:\/\/blogdoedvaldomagalhaes.com.br\/index.php\/wp-json\/wp\/v2\/comments?post=76766"}],"version-history":[{"count":1,"href":"https:\/\/blogdoedvaldomagalhaes.com.br\/index.php\/wp-json\/wp\/v2\/posts\/76766\/revisions"}],"predecessor-version":[{"id":76768,"href":"https:\/\/blogdoedvaldomagalhaes.com.br\/index.php\/wp-json\/wp\/v2\/posts\/76766\/revisions\/76768"}],"wp:featuredmedia":[{"embeddable":true,"href":"https:\/\/blogdoedvaldomagalhaes.com.br\/index.php\/wp-json\/wp\/v2\/media\/76767"}],"wp:attachment":[{"href":"https:\/\/blogdoedvaldomagalhaes.com.br\/index.php\/wp-json\/wp\/v2\/media?parent=76766"}],"wp:term":[{"taxonomy":"category","embeddable":true,"href":"https:\/\/blogdoedvaldomagalhaes.com.br\/index.php\/wp-json\/wp\/v2\/categories?post=76766"},{"taxonomy":"post_tag","embeddable":true,"href":"https:\/\/blogdoedvaldomagalhaes.com.br\/index.php\/wp-json\/wp\/v2\/tags?post=76766"}],"curies":[{"name":"wp","href":"https:\/\/api.w.org\/{rel}","templated":true}]}}