{"id":76761,"date":"2021-10-28T17:20:03","date_gmt":"2021-10-28T20:20:03","guid":{"rendered":"https:\/\/blogdoedvaldomagalhaes.com.br\/?p=76761"},"modified":"2021-10-28T17:42:10","modified_gmt":"2021-10-28T20:42:10","slug":"der-desliga-lombadas-eletronicas-durante-feriadao-de-finados","status":"publish","type":"post","link":"https:\/\/blogdoedvaldomagalhaes.com.br\/index.php\/2021\/10\/28\/der-desliga-lombadas-eletronicas-durante-feriadao-de-finados\/","title":{"rendered":"DER desliga lombadas eletr\u00f4nicas durante feriad\u00e3o de Finados"},"content":{"rendered":"<p style=\"text-align: justify;\"><span style=\"font-size: inherit;\">O Departamento de Estradas de Rodagem (DER) desligar\u00e1, a partir das 12 horas desta sexta-feira (29), as lombadas eletr\u00f4nicas localizadas nos pontos mais movimentados das principais rodovias: na BR-232 (bairro do Curado, no Recife, zona Oeste); na PE-035, em Itapissuma, Litoral Norte; e na PE-060, em Ipojuca e Sirinha\u00e9m, Litoral Sul. Os equipamentos de fiscaliza\u00e7\u00e3o eletr\u00f4nica somente ser\u00e3o religados \u00e0s 5 horas da pr\u00f3xima quarta-feira (03).<\/span><\/p>\n<p style=\"text-align: justify;\">A iniciativa visa dar mais fluidez ao tr\u00e2nsito nesses trechos, que devem receber um acr\u00e9scimo em torno de 40 % no fluxo de ve\u00edculos em rela\u00e7\u00e3o aos dias normais, na ida e na volta, por conta do feriado de finados, dia 02 de novembro. O DER tamb\u00e9m intensificar\u00e1 as a\u00e7\u00f5es de fiscaliza\u00e7\u00e3o em algumas rodovias com apoio do Batalh\u00e3o de Pol\u00edcia Rodovi\u00e1ria (BPRv), bem como atuar\u00e1 nas blitzes da Lei Seca, em parceria com a Secretaria Estadual de Sa\u00fade.<\/p>\n<p style=\"text-align: justify;\">&#8220;Como sempre acontece nos feriados prolongados, mais uma vez, facilitaremos os acessos vi\u00e1rios aos nossos atrativos tur\u00edsticos nos destinos mais procurados, desligando algumas lombadas eletr\u00f4nicas neste per\u00edodo, como forma de minimizar os congestionamentos nos hor\u00e1rios de pico nas principais rodovias. Pedimos aos motoristas que respeitem as leis de tr\u00e2nsito, evitem ultrapassagens proibidas, obede\u00e7am aos limites de velocidade da via, usem o cinto de seguran\u00e7a tamb\u00e9m no banco de tr\u00e1s e, se beber, n\u00e3o dirija&#8221;, destacou o gestor de Tr\u00e2nsito e Transporte do DER, F\u00e1bio Barbosa.<\/p>\n<p style=\"text-align: justify;\">LOMBADAS ELETR\u00d4NICAS DESLIGADAS:<br \/>\nEstar\u00e3o desligadas, das 12 horas desta sexta-feira (29), \u00e0s 5h da quarta-feira (03), as seguintes lombadas eletr\u00f4nicas e suas respectivas localiza\u00e7\u00f5es:<\/p>\n<p style=\"text-align: justify;\">BR-232<br \/>\n\u2022Recife, nos km 6,2; 6,3;<br \/>\n\u2022Jaboat\u00e3o dos Guararapes, no Km 9,2;<\/p>\n<p style=\"text-align: justify;\">PE-035<br \/>\n\u2022Itapissuma, nos km 7,3 e 7,9;<\/p>\n<p style=\"text-align: justify;\">PE-060<br \/>\n\u2022Ipojuca, no km 16,63;<br \/>\n\u2022Sirinha\u00e9m, no km 43.<\/p>\n","protected":false},"excerpt":{"rendered":"<p>O Departamento de Estradas de Rodagem (DER) desligar\u00e1, a partir das 12 horas desta sexta-feira (29), as lombadas eletr\u00f4nicas localizadas&hellip;<\/p>\n","protected":false},"author":1,"featured_media":76765,"comment_status":"open","ping_status":"open","sticky":false,"template":"","format":"standard","meta":{"footnotes":""},"categories":[14120],"tags":[2,19532,3406,23247,6],"class_list":["post-76761","post","type-post","status-publish","format-standard","has-post-thumbnail","hentry","category-noticias","tag-blog-do-edvaldo-magalhaes","tag-blog-mais-acessado-e-visualizado-de-caruaru-e-regiao","tag-caruaru","tag-der-desliga-lombadas-eletronicas-durante-feriadao-de-finados","tag-noticias"],"_links":{"self":[{"href":"https:\/\/blogdoedvaldomagalhaes.com.br\/index.php\/wp-json\/wp\/v2\/posts\/76761","targetHints":{"allow":["GET"]}}],"collection":[{"href":"https:\/\/blogdoedvaldomagalhaes.com.br\/index.php\/wp-json\/wp\/v2\/posts"}],"about":[{"href":"https:\/\/blogdoedvaldomagalhaes.com.br\/index.php\/wp-json\/wp\/v2\/types\/post"}],"author":[{"embeddable":true,"href":"https:\/\/blogdoedvaldomagalhaes.com.br\/index.php\/wp-json\/wp\/v2\/users\/1"}],"replies":[{"embeddable":true,"href":"https:\/\/blogdoedvaldomagalhaes.com.br\/index.php\/wp-json\/wp\/v2\/comments?post=76761"}],"version-history":[{"count":1,"href":"https:\/\/blogdoedvaldomagalhaes.com.br\/index.php\/wp-json\/wp\/v2\/posts\/76761\/revisions"}],"predecessor-version":[{"id":76763,"href":"https:\/\/blogdoedvaldomagalhaes.com.br\/index.php\/wp-json\/wp\/v2\/posts\/76761\/revisions\/76763"}],"wp:featuredmedia":[{"embeddable":true,"href":"https:\/\/blogdoedvaldomagalhaes.com.br\/index.php\/wp-json\/wp\/v2\/media\/76765"}],"wp:attachment":[{"href":"https:\/\/blogdoedvaldomagalhaes.com.br\/index.php\/wp-json\/wp\/v2\/media?parent=76761"}],"wp:term":[{"taxonomy":"category","embeddable":true,"href":"https:\/\/blogdoedvaldomagalhaes.com.br\/index.php\/wp-json\/wp\/v2\/categories?post=76761"},{"taxonomy":"post_tag","embeddable":true,"href":"https:\/\/blogdoedvaldomagalhaes.com.br\/index.php\/wp-json\/wp\/v2\/tags?post=76761"}],"curies":[{"name":"wp","href":"https:\/\/api.w.org\/{rel}","templated":true}]}}